{"id":22930,"date":"2024-12-19T07:38:22","date_gmt":"2024-12-19T06:38:22","guid":{"rendered":"https:\/\/prvimaj.hr\/?p=22930"},"modified":"2024-12-19T07:38:30","modified_gmt":"2024-12-19T06:38:30","slug":"branko-zikovic","status":"publish","type":"post","link":"https:\/\/prvimaj.hr\/?p=22930","title":{"rendered":"Branko \u017dikovi\u0107"},"content":{"rendered":"<p>S tugom u srcu javljamo rodbini, prijateljima i znancima da nas je u utorak 17.12.2024. godine u 77- oj godini \u017eivota napustio na\u0161 voljeni<\/p>\n<h2 style=\"text-align: center\"><em><strong>BRANKO&nbsp; &nbsp;\u017dIKOVI\u0106<\/strong><\/em><\/h2>\n<p><!--more-->Posljednji ispra\u0107aj na\u0161eg voljenog pokojnika biti \u0107e u petak 20.12.2024. godine u 13,00 sati iz Komemorativnog centra u Sv: Nedelji &#8211; Nede\u0161\u0107ini na mjesno groblje.<\/p>\n<p><em><strong>O\u017ealo\u0161\u0107eni:&nbsp;<\/strong><\/em>supruga MARIJA, sin PATRICK sa DARJANOM, unuke MICHELLE i GIULIA, praunuci MARCEL i TALITA te ostala tuguju\u0107a rodbina.<\/p>\n","protected":false},"excerpt":{"rendered":"<p>S tugom u srcu javljamo rodbini, prijateljima i znancima da nas je u utorak 17.12.2024. godine u 77- oj godini \u017eivota napustio na\u0161 voljeni BRANKO&nbsp; &nbsp;\u017dIKOVI\u0106<\/p>\n","protected":false},"author":3,"featured_media":22931,"comment_status":"closed","ping_status":"closed","sticky":false,"template":"","format":"standard","meta":[],"categories":[3],"tags":[],"_links":{"self":[{"href":"https:\/\/prvimaj.hr\/index.php?rest_route=\/wp\/v2\/posts\/22930"}],"collection":[{"href":"https:\/\/prvimaj.hr\/index.php?rest_route=\/wp\/v2\/posts"}],"about":[{"href":"https:\/\/prvimaj.hr\/index.php?rest_route=\/wp\/v2\/types\/post"}],"author":[{"embeddable":true,"href":"https:\/\/prvimaj.hr\/index.php?rest_route=\/wp\/v2\/users\/3"}],"replies":[{"embeddable":true,"href":"https:\/\/prvimaj.hr\/index.php?rest_route=%2Fwp%2Fv2%2Fcomments&post=22930"}],"version-history":[{"count":2,"href":"https:\/\/prvimaj.hr\/index.php?rest_route=\/wp\/v2\/posts\/22930\/revisions"}],"predecessor-version":[{"id":22933,"href":"https:\/\/prvimaj.hr\/index.php?rest_route=\/wp\/v2\/posts\/22930\/revisions\/22933"}],"wp:featuredmedia":[{"embeddable":true,"href":"https:\/\/prvimaj.hr\/index.php?rest_route=\/wp\/v2\/media\/22931"}],"wp:attachment":[{"href":"https:\/\/prvimaj.hr\/index.php?rest_route=%2Fwp%2Fv2%2Fmedia&parent=22930"}],"wp:term":[{"taxonomy":"category","embeddable":true,"href":"https:\/\/prvimaj.hr\/index.php?rest_route=%2Fwp%2Fv2%2Fcategories&post=22930"},{"taxonomy":"post_tag","embeddable":true,"href":"https:\/\/prvimaj.hr\/index.php?rest_route=%2Fwp%2Fv2%2Ftags&post=22930"}],"curies":[{"name":"wp","href":"https:\/\/api.w.org\/{rel}","templated":true}]}}