{"id":22934,"date":"2024-12-19T07:43:48","date_gmt":"2024-12-19T06:43:48","guid":{"rendered":"https:\/\/prvimaj.hr\/?p=22934"},"modified":"2024-12-19T07:43:58","modified_gmt":"2024-12-19T06:43:58","slug":"josipa-pina-zahtila","status":"publish","type":"post","link":"https:\/\/prvimaj.hr\/?p=22934","title":{"rendered":"Josipa &#8211; Pina Zahtila"},"content":{"rendered":"<p>Na\u0161a draga mama, nona i pranona<\/p>\n<h2 style=\"text-align: center\"><em><strong>JOSIPA &#8211; PINA&nbsp; ZAHTILA<\/strong><\/em><\/h2>\n<p><!--more-->Sklopila je svoje umorne o\u010di u 88- oj godini \u017eivota. Ispra\u0107aj drage pokojnice obavit \u0107e se u naju\u017eem krugu obitelji i prijatelja.<\/p>\n<p><em><strong>Obitelj moli za tihu su\u0107ut u domu pokojnice.<\/strong><\/em><\/p>\n<p><em><strong>Za njom tuguju:&nbsp;<\/strong><\/em>ZVJEZDANA i LU\u010cANO, TAMARA i SA\u0160A i njena TEA<\/p>\n","protected":false},"excerpt":{"rendered":"<p>Na\u0161a draga mama, nona i pranona JOSIPA &#8211; PINA&nbsp; ZAHTILA<\/p>\n","protected":false},"author":3,"featured_media":22935,"comment_status":"closed","ping_status":"closed","sticky":false,"template":"","format":"standard","meta":[],"categories":[3],"tags":[],"_links":{"self":[{"href":"https:\/\/prvimaj.hr\/index.php?rest_route=\/wp\/v2\/posts\/22934"}],"collection":[{"href":"https:\/\/prvimaj.hr\/index.php?rest_route=\/wp\/v2\/posts"}],"about":[{"href":"https:\/\/prvimaj.hr\/index.php?rest_route=\/wp\/v2\/types\/post"}],"author":[{"embeddable":true,"href":"https:\/\/prvimaj.hr\/index.php?rest_route=\/wp\/v2\/users\/3"}],"replies":[{"embeddable":true,"href":"https:\/\/prvimaj.hr\/index.php?rest_route=%2Fwp%2Fv2%2Fcomments&post=22934"}],"version-history":[{"count":2,"href":"https:\/\/prvimaj.hr\/index.php?rest_route=\/wp\/v2\/posts\/22934\/revisions"}],"predecessor-version":[{"id":22938,"href":"https:\/\/prvimaj.hr\/index.php?rest_route=\/wp\/v2\/posts\/22934\/revisions\/22938"}],"wp:featuredmedia":[{"embeddable":true,"href":"https:\/\/prvimaj.hr\/index.php?rest_route=\/wp\/v2\/media\/22935"}],"wp:attachment":[{"href":"https:\/\/prvimaj.hr\/index.php?rest_route=%2Fwp%2Fv2%2Fmedia&parent=22934"}],"wp:term":[{"taxonomy":"category","embeddable":true,"href":"https:\/\/prvimaj.hr\/index.php?rest_route=%2Fwp%2Fv2%2Fcategories&post=22934"},{"taxonomy":"post_tag","embeddable":true,"href":"https:\/\/prvimaj.hr\/index.php?rest_route=%2Fwp%2Fv2%2Ftags&post=22934"}],"curies":[{"name":"wp","href":"https:\/\/api.w.org\/{rel}","templated":true}]}}