{"id":22973,"date":"2024-12-26T11:38:42","date_gmt":"2024-12-26T10:38:42","guid":{"rendered":"https:\/\/prvimaj.hr\/?p=22973"},"modified":"2024-12-26T11:38:59","modified_gmt":"2024-12-26T10:38:59","slug":"dulija-tireli","status":"publish","type":"post","link":"https:\/\/prvimaj.hr\/?p=22973","title":{"rendered":"\u0110ulija  Tireli"},"content":{"rendered":"<p>U dubokoj boli javljamo svim ro\u0111acima, prijateljima i znancima tu\u017enu vijest da je na\u0161a draga mama, nona, pranona, sestra, kunjada i cija, gospo\u0111a<\/p>\n<h2 style=\"text-align: center\"><strong><em>\u0110ULIJA&nbsp; &nbsp; &nbsp;TIRELI<\/em><\/strong><\/h2>\n<h3 style=\"text-align: center\"><strong><em>( ro\u0111. Mileti\u0107 )<\/em><\/strong><\/h3>\n<p><!--more--><\/p>\n<p>Preminula u utorak 24. prosinca 2024. u 79. godini. Pogreb drage nam pokojnice bit \u0107e u subotu 28. prosinca 2024. u 12,00 sati iz Komemorativnog centra u Sv.Martinu &#8211; Martinskom na mjesno groblje.<\/p>\n<p>Po \u017eelji obitelji molimo da umjesto cvije\u0107a i svije\u0107a novac donirate Udruzi&nbsp; <em><strong>Krilo Labina<\/strong><\/em><\/p>\n<p><strong><em>IBAN HR9323800061148003093; model 00; opis pla\u0107anja: SJE\u0106ANJE &#8211; \u0110ULIJA<\/em><\/strong><\/p>\n<p><em><strong>O\u017ealo\u0161\u0107eni:&nbsp;<\/strong><\/em>k\u0107erka NANSI, unuka ANA s DAVOROM, unuk ROBERT s LENKOM, praunuk KARLO, bra\u0107a \u0110INO i \u0110ANI s obiteljima i kunjade LIDIJA i ELDA s obiteljima<\/p>\n","protected":false},"excerpt":{"rendered":"<p>U dubokoj boli javljamo svim ro\u0111acima, prijateljima i znancima tu\u017enu vijest da je na\u0161a draga mama, nona, pranona, sestra, kunjada i cija, gospo\u0111a \u0110ULIJA&nbsp; &nbsp; &nbsp;TIRELI ( ro\u0111. Mileti\u0107 )<\/p>\n","protected":false},"author":3,"featured_media":22972,"comment_status":"closed","ping_status":"closed","sticky":false,"template":"","format":"standard","meta":[],"categories":[3],"tags":[],"_links":{"self":[{"href":"https:\/\/prvimaj.hr\/index.php?rest_route=\/wp\/v2\/posts\/22973"}],"collection":[{"href":"https:\/\/prvimaj.hr\/index.php?rest_route=\/wp\/v2\/posts"}],"about":[{"href":"https:\/\/prvimaj.hr\/index.php?rest_route=\/wp\/v2\/types\/post"}],"author":[{"embeddable":true,"href":"https:\/\/prvimaj.hr\/index.php?rest_route=\/wp\/v2\/users\/3"}],"replies":[{"embeddable":true,"href":"https:\/\/prvimaj.hr\/index.php?rest_route=%2Fwp%2Fv2%2Fcomments&post=22973"}],"version-history":[{"count":2,"href":"https:\/\/prvimaj.hr\/index.php?rest_route=\/wp\/v2\/posts\/22973\/revisions"}],"predecessor-version":[{"id":22975,"href":"https:\/\/prvimaj.hr\/index.php?rest_route=\/wp\/v2\/posts\/22973\/revisions\/22975"}],"wp:featuredmedia":[{"embeddable":true,"href":"https:\/\/prvimaj.hr\/index.php?rest_route=\/wp\/v2\/media\/22972"}],"wp:attachment":[{"href":"https:\/\/prvimaj.hr\/index.php?rest_route=%2Fwp%2Fv2%2Fmedia&parent=22973"}],"wp:term":[{"taxonomy":"category","embeddable":true,"href":"https:\/\/prvimaj.hr\/index.php?rest_route=%2Fwp%2Fv2%2Fcategories&post=22973"},{"taxonomy":"post_tag","embeddable":true,"href":"https:\/\/prvimaj.hr\/index.php?rest_route=%2Fwp%2Fv2%2Ftags&post=22973"}],"curies":[{"name":"wp","href":"https:\/\/api.w.org\/{rel}","templated":true}]}}