{"id":22995,"date":"2024-12-30T11:17:00","date_gmt":"2024-12-30T10:17:00","guid":{"rendered":"https:\/\/prvimaj.hr\/?p=22995"},"modified":"2024-12-30T11:17:12","modified_gmt":"2024-12-30T10:17:12","slug":"alice-gobo","status":"publish","type":"post","link":"https:\/\/prvimaj.hr\/?p=22995","title":{"rendered":"Ali\u010de  Gobo"},"content":{"rendered":"<p>Tu\u017enim srcem javljamo rodbini, prijateljima i znancima da nas je u nedjelju 29.12.2024. godine u 98. godini \u017eivota napustila na\u0161a voljena mama, ta\u0161\u0107a, sestra, nona i pranona<\/p>\n<h2 style=\"text-align: center\"><strong><em>ALI\u010cE&nbsp; &nbsp; GOBO<\/em><\/strong><\/h2>\n<h3 style=\"text-align: center\"><strong><em>( ro\u0111. Faraguna )<\/em><\/strong><\/h3>\n<p><!--more--><\/p>\n<p>Posljednji ispra\u0107aj na\u0161e voljene pokojnice biti \u0107e u utorak 31.12.2024. godine u krugu obitelji iz Komemorativnog centra u Labinu na gradsko groblje.<\/p>\n<p><strong><em>Molimo za tihu su\u0107ut.<\/em><\/strong><\/p>\n<p><strong><em>O\u017ealo\u0161\u0107eni:&nbsp;<\/em><\/strong>k\u0107erke NADIJA i ESTER, zet MARIO, unuci ROBERT s MAJDOM, DANIEL i ILONA, praunuci MATEJA, MARKO i MATKO, sestre MARIJA, ALBINA i JOLANDA sa familijama, te ostala tuguju\u0107a rodbina.<\/p>\n\n\n<p><\/p>\n","protected":false},"excerpt":{"rendered":"<p>Tu\u017enim srcem javljamo rodbini, prijateljima i znancima da nas je u nedjelju 29.12.2024. godine u 98. godini \u017eivota napustila na\u0161a voljena mama, ta\u0161\u0107a, sestra, nona i pranona ALI\u010cE&nbsp; &nbsp; GOBO ( ro\u0111. Faraguna )<\/p>\n","protected":false},"author":3,"featured_media":22993,"comment_status":"closed","ping_status":"closed","sticky":false,"template":"","format":"standard","meta":[],"categories":[3],"tags":[],"_links":{"self":[{"href":"https:\/\/prvimaj.hr\/index.php?rest_route=\/wp\/v2\/posts\/22995"}],"collection":[{"href":"https:\/\/prvimaj.hr\/index.php?rest_route=\/wp\/v2\/posts"}],"about":[{"href":"https:\/\/prvimaj.hr\/index.php?rest_route=\/wp\/v2\/types\/post"}],"author":[{"embeddable":true,"href":"https:\/\/prvimaj.hr\/index.php?rest_route=\/wp\/v2\/users\/3"}],"replies":[{"embeddable":true,"href":"https:\/\/prvimaj.hr\/index.php?rest_route=%2Fwp%2Fv2%2Fcomments&post=22995"}],"version-history":[{"count":2,"href":"https:\/\/prvimaj.hr\/index.php?rest_route=\/wp\/v2\/posts\/22995\/revisions"}],"predecessor-version":[{"id":22997,"href":"https:\/\/prvimaj.hr\/index.php?rest_route=\/wp\/v2\/posts\/22995\/revisions\/22997"}],"wp:featuredmedia":[{"embeddable":true,"href":"https:\/\/prvimaj.hr\/index.php?rest_route=\/wp\/v2\/media\/22993"}],"wp:attachment":[{"href":"https:\/\/prvimaj.hr\/index.php?rest_route=%2Fwp%2Fv2%2Fmedia&parent=22995"}],"wp:term":[{"taxonomy":"category","embeddable":true,"href":"https:\/\/prvimaj.hr\/index.php?rest_route=%2Fwp%2Fv2%2Fcategories&post=22995"},{"taxonomy":"post_tag","embeddable":true,"href":"https:\/\/prvimaj.hr\/index.php?rest_route=%2Fwp%2Fv2%2Ftags&post=22995"}],"curies":[{"name":"wp","href":"https:\/\/api.w.org\/{rel}","templated":true}]}}