{"id":23016,"date":"2025-01-01T10:03:15","date_gmt":"2025-01-01T09:03:15","guid":{"rendered":"https:\/\/prvimaj.hr\/?p=23016"},"modified":"2025-01-01T10:03:25","modified_gmt":"2025-01-01T09:03:25","slug":"ramo-ajdarpasic","status":"publish","type":"post","link":"https:\/\/prvimaj.hr\/?p=23016","title":{"rendered":"Ramo  Ajdarpa\u0161i\u0107"},"content":{"rendered":"<p>S tugom u srcu javljamo svoj rodbini, prijateljima i znancima \u017ealosnu vijest da je na\u0161 rahmetli<\/p>\n<h2 style=\"text-align: center\"><strong><em>RAMO&nbsp; &nbsp; AJDARPA\u0160I\u0106<\/em><\/strong><\/h2>\n<h3 style=\"text-align: center\"><strong><em>( iz Krapna )<\/em><\/strong><\/h3>\n<p><!--more--><\/p>\n<p>preselio na ahiret u ponedjeljak 30.12.2024. godine u 69. godini \u017eivota. D\u017eenaza \u0107e krenuti u \u010detvrtak 02.01.2025. godine u 12,30 sati iz Komemorativnog centra u Labinu na gradsko groblje.<\/p>\n<p><em><strong>O\u017ealo\u0161\u0107eni:&nbsp;<\/strong><\/em>supruga \u0160ADIJA, sin AZMIR, k\u0107erke NEZIRA, NERMINA i RAFAELA sa familijama, brat i sestre sa familijama, te ostala tuguju\u0107a rodbina.<\/p>\n\n\n<p><\/p>\n","protected":false},"excerpt":{"rendered":"<p>S tugom u srcu javljamo svoj rodbini, prijateljima i znancima \u017ealosnu vijest da je na\u0161 rahmetli RAMO&nbsp; &nbsp; AJDARPA\u0160I\u0106 ( iz Krapna )<\/p>\n","protected":false},"author":3,"featured_media":23015,"comment_status":"closed","ping_status":"closed","sticky":false,"template":"","format":"standard","meta":[],"categories":[3],"tags":[],"_links":{"self":[{"href":"https:\/\/prvimaj.hr\/index.php?rest_route=\/wp\/v2\/posts\/23016"}],"collection":[{"href":"https:\/\/prvimaj.hr\/index.php?rest_route=\/wp\/v2\/posts"}],"about":[{"href":"https:\/\/prvimaj.hr\/index.php?rest_route=\/wp\/v2\/types\/post"}],"author":[{"embeddable":true,"href":"https:\/\/prvimaj.hr\/index.php?rest_route=\/wp\/v2\/users\/3"}],"replies":[{"embeddable":true,"href":"https:\/\/prvimaj.hr\/index.php?rest_route=%2Fwp%2Fv2%2Fcomments&post=23016"}],"version-history":[{"count":2,"href":"https:\/\/prvimaj.hr\/index.php?rest_route=\/wp\/v2\/posts\/23016\/revisions"}],"predecessor-version":[{"id":23018,"href":"https:\/\/prvimaj.hr\/index.php?rest_route=\/wp\/v2\/posts\/23016\/revisions\/23018"}],"wp:featuredmedia":[{"embeddable":true,"href":"https:\/\/prvimaj.hr\/index.php?rest_route=\/wp\/v2\/media\/23015"}],"wp:attachment":[{"href":"https:\/\/prvimaj.hr\/index.php?rest_route=%2Fwp%2Fv2%2Fmedia&parent=23016"}],"wp:term":[{"taxonomy":"category","embeddable":true,"href":"https:\/\/prvimaj.hr\/index.php?rest_route=%2Fwp%2Fv2%2Fcategories&post=23016"},{"taxonomy":"post_tag","embeddable":true,"href":"https:\/\/prvimaj.hr\/index.php?rest_route=%2Fwp%2Fv2%2Ftags&post=23016"}],"curies":[{"name":"wp","href":"https:\/\/api.w.org\/{rel}","templated":true}]}}