{"id":23030,"date":"2025-01-03T09:03:10","date_gmt":"2025-01-03T08:03:10","guid":{"rendered":"https:\/\/prvimaj.hr\/?p=23030"},"modified":"2025-01-03T09:03:18","modified_gmt":"2025-01-03T08:03:18","slug":"vilma-ruzic","status":"publish","type":"post","link":"https:\/\/prvimaj.hr\/?p=23030","title":{"rendered":"Vilma Ru\u017ei\u0107"},"content":{"rendered":"<p>Tu\u017enim srcem javljamo rodbini, prijateljima i znancima da nas je u \u010detvrtak 02.01.2025. godine u 90- oj godini \u017eivota napustila na\u0161a voljena<\/p>\n<h2 style=\"text-align: center\"><em><strong>VILMA&nbsp; &nbsp;RU\u017dI\u0106<\/strong><\/em><\/h2>\n<h3 style=\"text-align: center\"><em><strong>( ro\u0111. Kos )<\/strong><\/em><\/h3>\n<p><!--more-->Posljednji ispra\u0107aj na\u0161e voljene pokojnice biti \u0107e u subotu 04.01.2025. godine u krugu obitelji iz Komemorativnog centra u Labinu na gradsko groblje.<\/p>\n<p><em><strong>Molimo za tihu su\u0107ut.<\/strong><\/em><\/p>\n<p><em><strong>O\u017ealo\u0161\u0107eni:&nbsp;<\/strong><\/em>sin MARKO, nevjesta VESNA, unuk MARIO, DINO i SANJA sa familijama, te ostala tuguju\u0107a rodbina.<\/p>\n","protected":false},"excerpt":{"rendered":"<p>Tu\u017enim srcem javljamo rodbini, prijateljima i znancima da nas je u \u010detvrtak 02.01.2025. godine u 90- oj godini \u017eivota napustila na\u0161a voljena VILMA&nbsp; &nbsp;RU\u017dI\u0106 ( ro\u0111. Kos )<\/p>\n","protected":false},"author":3,"featured_media":23031,"comment_status":"closed","ping_status":"closed","sticky":false,"template":"","format":"standard","meta":[],"categories":[3],"tags":[],"_links":{"self":[{"href":"https:\/\/prvimaj.hr\/index.php?rest_route=\/wp\/v2\/posts\/23030"}],"collection":[{"href":"https:\/\/prvimaj.hr\/index.php?rest_route=\/wp\/v2\/posts"}],"about":[{"href":"https:\/\/prvimaj.hr\/index.php?rest_route=\/wp\/v2\/types\/post"}],"author":[{"embeddable":true,"href":"https:\/\/prvimaj.hr\/index.php?rest_route=\/wp\/v2\/users\/3"}],"replies":[{"embeddable":true,"href":"https:\/\/prvimaj.hr\/index.php?rest_route=%2Fwp%2Fv2%2Fcomments&post=23030"}],"version-history":[{"count":2,"href":"https:\/\/prvimaj.hr\/index.php?rest_route=\/wp\/v2\/posts\/23030\/revisions"}],"predecessor-version":[{"id":23033,"href":"https:\/\/prvimaj.hr\/index.php?rest_route=\/wp\/v2\/posts\/23030\/revisions\/23033"}],"wp:featuredmedia":[{"embeddable":true,"href":"https:\/\/prvimaj.hr\/index.php?rest_route=\/wp\/v2\/media\/23031"}],"wp:attachment":[{"href":"https:\/\/prvimaj.hr\/index.php?rest_route=%2Fwp%2Fv2%2Fmedia&parent=23030"}],"wp:term":[{"taxonomy":"category","embeddable":true,"href":"https:\/\/prvimaj.hr\/index.php?rest_route=%2Fwp%2Fv2%2Fcategories&post=23030"},{"taxonomy":"post_tag","embeddable":true,"href":"https:\/\/prvimaj.hr\/index.php?rest_route=%2Fwp%2Fv2%2Ftags&post=23030"}],"curies":[{"name":"wp","href":"https:\/\/api.w.org\/{rel}","templated":true}]}}