{"id":23129,"date":"2025-01-18T13:46:10","date_gmt":"2025-01-18T12:46:10","guid":{"rendered":"https:\/\/prvimaj.hr\/?p=23129"},"modified":"2025-01-18T13:46:17","modified_gmt":"2025-01-18T12:46:17","slug":"guerrino-derossi","status":"publish","type":"post","link":"https:\/\/prvimaj.hr\/?p=23129","title":{"rendered":"Guerrino Derossi"},"content":{"rendered":"<p>Tu\u017enim srcem javljamo rodbini, prijateljima i znancima da nas je u petak 17.01.2025. godine u 84- oj godini \u017eivota napustio na\u0161 voljeni<\/p>\n<h2 style=\"text-align: center\"><em><strong>GUERRINO&nbsp; &nbsp;DEROSSI<\/strong><\/em><\/h2>\n<h3 style=\"text-align: center\"><em><strong>( iz Vine\u017ea )<\/strong><\/em><\/h3>\n<p><!--more-->Posljednji ispra\u0107aj na\u0161eg voljenog pokojnika bit \u0107e u krugu obitelji iz Komemorativnog centra u Labinu na gradsko groblje.<\/p>\n<p><em><strong>Molimo za tihu su\u0107ut.<\/strong><\/em><\/p>\n<p><em><strong>O\u017ealo\u0161\u0107eni:&nbsp;<\/strong><\/em>sin DEAN, k\u0107erka \u0110ENI sa ERVINOM, unuke LENA i RIANA, sestra VIOLETA s obitelji, cije MARIA i PJERINA sa obiteljima, te ostala tuguju\u0107a rodbina.<\/p>\n","protected":false},"excerpt":{"rendered":"<p>Tu\u017enim srcem javljamo rodbini, prijateljima i znancima da nas je u petak 17.01.2025. godine u 84- oj godini \u017eivota napustio na\u0161 voljeni GUERRINO&nbsp; &nbsp;DEROSSI ( iz Vine\u017ea )<\/p>\n","protected":false},"author":3,"featured_media":23130,"comment_status":"closed","ping_status":"closed","sticky":false,"template":"","format":"standard","meta":[],"categories":[3],"tags":[],"_links":{"self":[{"href":"https:\/\/prvimaj.hr\/index.php?rest_route=\/wp\/v2\/posts\/23129"}],"collection":[{"href":"https:\/\/prvimaj.hr\/index.php?rest_route=\/wp\/v2\/posts"}],"about":[{"href":"https:\/\/prvimaj.hr\/index.php?rest_route=\/wp\/v2\/types\/post"}],"author":[{"embeddable":true,"href":"https:\/\/prvimaj.hr\/index.php?rest_route=\/wp\/v2\/users\/3"}],"replies":[{"embeddable":true,"href":"https:\/\/prvimaj.hr\/index.php?rest_route=%2Fwp%2Fv2%2Fcomments&post=23129"}],"version-history":[{"count":2,"href":"https:\/\/prvimaj.hr\/index.php?rest_route=\/wp\/v2\/posts\/23129\/revisions"}],"predecessor-version":[{"id":23132,"href":"https:\/\/prvimaj.hr\/index.php?rest_route=\/wp\/v2\/posts\/23129\/revisions\/23132"}],"wp:featuredmedia":[{"embeddable":true,"href":"https:\/\/prvimaj.hr\/index.php?rest_route=\/wp\/v2\/media\/23130"}],"wp:attachment":[{"href":"https:\/\/prvimaj.hr\/index.php?rest_route=%2Fwp%2Fv2%2Fmedia&parent=23129"}],"wp:term":[{"taxonomy":"category","embeddable":true,"href":"https:\/\/prvimaj.hr\/index.php?rest_route=%2Fwp%2Fv2%2Fcategories&post=23129"},{"taxonomy":"post_tag","embeddable":true,"href":"https:\/\/prvimaj.hr\/index.php?rest_route=%2Fwp%2Fv2%2Ftags&post=23129"}],"curies":[{"name":"wp","href":"https:\/\/api.w.org\/{rel}","templated":true}]}}