{"id":23136,"date":"2025-01-20T13:44:25","date_gmt":"2025-01-20T12:44:25","guid":{"rendered":"https:\/\/prvimaj.hr\/?p=23136"},"modified":"2025-01-20T13:44:34","modified_gmt":"2025-01-20T12:44:34","slug":"vesna-mirkovic-cok","status":"publish","type":"post","link":"https:\/\/prvimaj.hr\/?p=23136","title":{"rendered":"Vesna Mirkovi\u0107 \u010cok"},"content":{"rendered":"<p>Tu\u017enim srcem javljamo rodbini, prijateljima i znancima da nas je u ponedjeljak 20.01.2025. godine u 63- oj godini \u017eivota napustila na\u0161a voljena<\/p>\n<h2 style=\"text-align: center\"><em><strong>VESNA&nbsp; &nbsp;MIRKOVI\u0106&nbsp; &nbsp;\u010cOK<\/strong><\/em><\/h2>\n<p><!--more-->Posljednji ispra\u0107aj na\u0161e voljene pokojnice biti \u0107e u utorak 21.01.2025. godine u krugu obitelji iz Komemorativnog centra u Labinu na gradsko groblje.<\/p>\n<p><em><strong>Molimo za tihu su\u0107ut u domu pokojnice.<\/strong><\/em><\/p>\n<p><em><strong>O\u017ealo\u0161\u0107eni:&nbsp;<\/strong><\/em>mama JOKA, tata STOJAN, k\u0107erka TEA, zet DALAN, unuci NICOLE i TONY, sestre PETRA i VERICA sa familijama, kunjada MIRA sa familijom, ne\u0107aci i ne\u0107akinje sa familijom.<\/p>\n","protected":false},"excerpt":{"rendered":"<p>Tu\u017enim srcem javljamo rodbini, prijateljima i znancima da nas je u ponedjeljak 20.01.2025. godine u 63- oj godini \u017eivota napustila na\u0161a voljena VESNA&nbsp; &nbsp;MIRKOVI\u0106&nbsp; &nbsp;\u010cOK<\/p>\n","protected":false},"author":3,"featured_media":23137,"comment_status":"closed","ping_status":"closed","sticky":false,"template":"","format":"standard","meta":[],"categories":[3],"tags":[],"_links":{"self":[{"href":"https:\/\/prvimaj.hr\/index.php?rest_route=\/wp\/v2\/posts\/23136"}],"collection":[{"href":"https:\/\/prvimaj.hr\/index.php?rest_route=\/wp\/v2\/posts"}],"about":[{"href":"https:\/\/prvimaj.hr\/index.php?rest_route=\/wp\/v2\/types\/post"}],"author":[{"embeddable":true,"href":"https:\/\/prvimaj.hr\/index.php?rest_route=\/wp\/v2\/users\/3"}],"replies":[{"embeddable":true,"href":"https:\/\/prvimaj.hr\/index.php?rest_route=%2Fwp%2Fv2%2Fcomments&post=23136"}],"version-history":[{"count":2,"href":"https:\/\/prvimaj.hr\/index.php?rest_route=\/wp\/v2\/posts\/23136\/revisions"}],"predecessor-version":[{"id":23139,"href":"https:\/\/prvimaj.hr\/index.php?rest_route=\/wp\/v2\/posts\/23136\/revisions\/23139"}],"wp:featuredmedia":[{"embeddable":true,"href":"https:\/\/prvimaj.hr\/index.php?rest_route=\/wp\/v2\/media\/23137"}],"wp:attachment":[{"href":"https:\/\/prvimaj.hr\/index.php?rest_route=%2Fwp%2Fv2%2Fmedia&parent=23136"}],"wp:term":[{"taxonomy":"category","embeddable":true,"href":"https:\/\/prvimaj.hr\/index.php?rest_route=%2Fwp%2Fv2%2Fcategories&post=23136"},{"taxonomy":"post_tag","embeddable":true,"href":"https:\/\/prvimaj.hr\/index.php?rest_route=%2Fwp%2Fv2%2Ftags&post=23136"}],"curies":[{"name":"wp","href":"https:\/\/api.w.org\/{rel}","templated":true}]}}