{"id":23160,"date":"2025-01-24T06:30:04","date_gmt":"2025-01-24T05:30:04","guid":{"rendered":"https:\/\/prvimaj.hr\/?p=23160"},"modified":"2025-01-24T06:30:16","modified_gmt":"2025-01-24T05:30:16","slug":"boris-zustovic","status":"publish","type":"post","link":"https:\/\/prvimaj.hr\/?p=23160","title":{"rendered":"Boris  Zustovi\u0107"},"content":{"rendered":"<p>U dubokoj boli javljamo rodbini, prijateljima i znancima da nas je u petak 17.01.2025. godine u 62. godini \u017eivota napustio na\u0161 voljeni<\/p>\n<h2 style=\"text-align: center\"><strong><em>BORIS&nbsp; &nbsp; &nbsp;ZUSTOVI\u0106<\/em><\/strong><\/h2>\n<h3 style=\"text-align: center\"><strong><em>( iz \u0160trmca )<\/em><\/strong><\/h3>\n<p><!--more--><\/p>\n<p>Posljednji ispra\u0107aj na\u0161eg voljenog pokojnika biti \u0107e u subotu 25.01.2025. godine u 12,00 sati iz Komemorativnog centra u Sv.Nedelji &#8211; Nede\u0161\u0107ini na mjesno groblje.<\/p>\n<p><strong><em>O\u017ealo\u0161\u0107eni:&nbsp;<\/em><\/strong>mama SILVANA, brat DORIJANO, kunjada FIORELA, ne\u0107akinje STEFANI i ALESSIA, sestri\u010dne ESTER, \u0110ANA, ROZALIA, LOREDANA, ALI\u010cE, JASMINKA i RITA sa familijama, starni\u0107i KLAUDIO FRANKO, MLADEN i ELIO sa familijama, te ostala tuguju\u0107a rodbina.<\/p>\n<p><\/p>\n\n\n<p><\/p>\n","protected":false},"excerpt":{"rendered":"<p>U dubokoj boli javljamo rodbini, prijateljima i znancima da nas je u petak 17.01.2025. godine u 62. godini \u017eivota napustio na\u0161 voljeni BORIS&nbsp; &nbsp; &nbsp;ZUSTOVI\u0106 ( iz \u0160trmca )<\/p>\n","protected":false},"author":3,"featured_media":23159,"comment_status":"closed","ping_status":"closed","sticky":false,"template":"","format":"standard","meta":[],"categories":[3],"tags":[],"_links":{"self":[{"href":"https:\/\/prvimaj.hr\/index.php?rest_route=\/wp\/v2\/posts\/23160"}],"collection":[{"href":"https:\/\/prvimaj.hr\/index.php?rest_route=\/wp\/v2\/posts"}],"about":[{"href":"https:\/\/prvimaj.hr\/index.php?rest_route=\/wp\/v2\/types\/post"}],"author":[{"embeddable":true,"href":"https:\/\/prvimaj.hr\/index.php?rest_route=\/wp\/v2\/users\/3"}],"replies":[{"embeddable":true,"href":"https:\/\/prvimaj.hr\/index.php?rest_route=%2Fwp%2Fv2%2Fcomments&post=23160"}],"version-history":[{"count":2,"href":"https:\/\/prvimaj.hr\/index.php?rest_route=\/wp\/v2\/posts\/23160\/revisions"}],"predecessor-version":[{"id":23162,"href":"https:\/\/prvimaj.hr\/index.php?rest_route=\/wp\/v2\/posts\/23160\/revisions\/23162"}],"wp:featuredmedia":[{"embeddable":true,"href":"https:\/\/prvimaj.hr\/index.php?rest_route=\/wp\/v2\/media\/23159"}],"wp:attachment":[{"href":"https:\/\/prvimaj.hr\/index.php?rest_route=%2Fwp%2Fv2%2Fmedia&parent=23160"}],"wp:term":[{"taxonomy":"category","embeddable":true,"href":"https:\/\/prvimaj.hr\/index.php?rest_route=%2Fwp%2Fv2%2Fcategories&post=23160"},{"taxonomy":"post_tag","embeddable":true,"href":"https:\/\/prvimaj.hr\/index.php?rest_route=%2Fwp%2Fv2%2Ftags&post=23160"}],"curies":[{"name":"wp","href":"https:\/\/api.w.org\/{rel}","templated":true}]}}