{"id":23164,"date":"2025-01-24T13:53:42","date_gmt":"2025-01-24T12:53:42","guid":{"rendered":"https:\/\/prvimaj.hr\/?p=23164"},"modified":"2025-01-24T13:54:02","modified_gmt":"2025-01-24T12:54:02","slug":"gracijela-bastijanic","status":"publish","type":"post","link":"https:\/\/prvimaj.hr\/?p=23164","title":{"rendered":"Gracijela  Bastijani\u0107"},"content":{"rendered":"<p>Tu\u017enim srcem javljamo rodbini, prijateljima i znancima da nas je u petak 24.01.2025. godine u 74. godini \u017eivota napustila na\u0161a voljena<\/p>\n<h2 style=\"text-align: center\"><strong><em>GRACIJELA&nbsp; &nbsp; BASTIJANI\u0106<\/em><\/strong><\/h2>\n<h3 style=\"text-align: center\"><strong><em>( ro\u0111. Milevoj iz Drenja )<\/em><\/strong><\/h3>\n<p><!--more--><\/p>\n<p>Posljednji ispra\u0107aj na\u0161e voljene pokojnice biti \u0107e u ponedjeljak 27.01.2025. godine u 14,00 sati iz crkve u Drenju na mjesno groblje.<\/p>\n<p><em><strong>O\u017ealo\u0161\u0107eni:&nbsp;<\/strong><\/em>suprug RINALDO, sinovi KRISTIJAN i ANDREA, nevjesta DANIELA, unuci IGOR, ENCO i IVAN, sestre, bra\u0107a i kunjade sa familijama, te ostala tuguju\u0107a rodbina.<\/p>\n\n\n<p><\/p>\n","protected":false},"excerpt":{"rendered":"<p>Tu\u017enim srcem javljamo rodbini, prijateljima i znancima da nas je u petak 24.01.2025. godine u 74. godini \u017eivota napustila na\u0161a voljena GRACIJELA&nbsp; &nbsp; BASTIJANI\u0106 ( ro\u0111. Milevoj iz Drenja )<\/p>\n","protected":false},"author":3,"featured_media":23163,"comment_status":"closed","ping_status":"closed","sticky":false,"template":"","format":"standard","meta":[],"categories":[3],"tags":[],"_links":{"self":[{"href":"https:\/\/prvimaj.hr\/index.php?rest_route=\/wp\/v2\/posts\/23164"}],"collection":[{"href":"https:\/\/prvimaj.hr\/index.php?rest_route=\/wp\/v2\/posts"}],"about":[{"href":"https:\/\/prvimaj.hr\/index.php?rest_route=\/wp\/v2\/types\/post"}],"author":[{"embeddable":true,"href":"https:\/\/prvimaj.hr\/index.php?rest_route=\/wp\/v2\/users\/3"}],"replies":[{"embeddable":true,"href":"https:\/\/prvimaj.hr\/index.php?rest_route=%2Fwp%2Fv2%2Fcomments&post=23164"}],"version-history":[{"count":2,"href":"https:\/\/prvimaj.hr\/index.php?rest_route=\/wp\/v2\/posts\/23164\/revisions"}],"predecessor-version":[{"id":23166,"href":"https:\/\/prvimaj.hr\/index.php?rest_route=\/wp\/v2\/posts\/23164\/revisions\/23166"}],"wp:featuredmedia":[{"embeddable":true,"href":"https:\/\/prvimaj.hr\/index.php?rest_route=\/wp\/v2\/media\/23163"}],"wp:attachment":[{"href":"https:\/\/prvimaj.hr\/index.php?rest_route=%2Fwp%2Fv2%2Fmedia&parent=23164"}],"wp:term":[{"taxonomy":"category","embeddable":true,"href":"https:\/\/prvimaj.hr\/index.php?rest_route=%2Fwp%2Fv2%2Fcategories&post=23164"},{"taxonomy":"post_tag","embeddable":true,"href":"https:\/\/prvimaj.hr\/index.php?rest_route=%2Fwp%2Fv2%2Ftags&post=23164"}],"curies":[{"name":"wp","href":"https:\/\/api.w.org\/{rel}","templated":true}]}}