{"id":23179,"date":"2025-01-29T13:13:10","date_gmt":"2025-01-29T12:13:10","guid":{"rendered":"https:\/\/prvimaj.hr\/?p=23179"},"modified":"2025-01-29T13:13:18","modified_gmt":"2025-01-29T12:13:18","slug":"ankica-setek","status":"publish","type":"post","link":"https:\/\/prvimaj.hr\/?p=23179","title":{"rendered":"Ankica \u0160etek"},"content":{"rendered":"<p>Tu\u017enim srcem javljamo svoj rodbini, prijateljima i znancima da nas je u utorak 28.01.2025. godine u 79- oj godini \u017eivota napustila na\u0161a voljena<\/p>\n<h2 style=\"text-align: center\"><em><strong>ANKICA&nbsp; &nbsp;\u0160ETEK<\/strong><\/em><\/h2>\n<h3 style=\"text-align: center\"><em><strong>( iz \u010cepi\u0107i )<\/strong><\/em><\/h3>\n<p><!--more--><\/p>\n<p>Posljednji ispra\u0107aj na\u0161e voljene pokojnice biti \u0107e u \u010detvrtak 30.01.2025. godine u 14,00 sati iz Komemorativnog centra u \u010cepi\u0107u na mjesno groblje.<\/p>\n<p><em><strong>O\u017ealo\u0161\u0107eni:&nbsp;<\/strong><\/em>suprug MIRKO, k\u0107erka DUBRAVKA, zet ZIJAD, bra\u0107a ANTUN, MILAN, \u017dELJKO, BRANKO, ZDRAVKO, IVO i MIRKO sa familijama, djever ZDRAVKO sa familijom, te ostala tuguju\u0107a rodbina.<\/p>\n","protected":false},"excerpt":{"rendered":"<p>Tu\u017enim srcem javljamo svoj rodbini, prijateljima i znancima da nas je u utorak 28.01.2025. godine u 79- oj godini \u017eivota napustila na\u0161a voljena ANKICA&nbsp; &nbsp;\u0160ETEK ( iz \u010cepi\u0107i )<\/p>\n","protected":false},"author":3,"featured_media":23180,"comment_status":"closed","ping_status":"closed","sticky":false,"template":"","format":"standard","meta":[],"categories":[3],"tags":[],"_links":{"self":[{"href":"https:\/\/prvimaj.hr\/index.php?rest_route=\/wp\/v2\/posts\/23179"}],"collection":[{"href":"https:\/\/prvimaj.hr\/index.php?rest_route=\/wp\/v2\/posts"}],"about":[{"href":"https:\/\/prvimaj.hr\/index.php?rest_route=\/wp\/v2\/types\/post"}],"author":[{"embeddable":true,"href":"https:\/\/prvimaj.hr\/index.php?rest_route=\/wp\/v2\/users\/3"}],"replies":[{"embeddable":true,"href":"https:\/\/prvimaj.hr\/index.php?rest_route=%2Fwp%2Fv2%2Fcomments&post=23179"}],"version-history":[{"count":2,"href":"https:\/\/prvimaj.hr\/index.php?rest_route=\/wp\/v2\/posts\/23179\/revisions"}],"predecessor-version":[{"id":23182,"href":"https:\/\/prvimaj.hr\/index.php?rest_route=\/wp\/v2\/posts\/23179\/revisions\/23182"}],"wp:featuredmedia":[{"embeddable":true,"href":"https:\/\/prvimaj.hr\/index.php?rest_route=\/wp\/v2\/media\/23180"}],"wp:attachment":[{"href":"https:\/\/prvimaj.hr\/index.php?rest_route=%2Fwp%2Fv2%2Fmedia&parent=23179"}],"wp:term":[{"taxonomy":"category","embeddable":true,"href":"https:\/\/prvimaj.hr\/index.php?rest_route=%2Fwp%2Fv2%2Fcategories&post=23179"},{"taxonomy":"post_tag","embeddable":true,"href":"https:\/\/prvimaj.hr\/index.php?rest_route=%2Fwp%2Fv2%2Ftags&post=23179"}],"curies":[{"name":"wp","href":"https:\/\/api.w.org\/{rel}","templated":true}]}}