{"id":23187,"date":"2025-01-30T16:55:52","date_gmt":"2025-01-30T15:55:52","guid":{"rendered":"https:\/\/prvimaj.hr\/?p=23187"},"modified":"2025-01-30T16:55:59","modified_gmt":"2025-01-30T15:55:59","slug":"celestina-zivic","status":"publish","type":"post","link":"https:\/\/prvimaj.hr\/?p=23187","title":{"rendered":"Celestina \u017divi\u0107"},"content":{"rendered":"<p>Tu\u017enim srcem javljamo svoj rodbini, prijateljima i znancima da nas je u \u010detvrtak 30.01.2025. godine u 91- oj godini \u017eivota napustila na\u0161a voljena<\/p>\n<h2 style=\"text-align: center\"><em><strong>CELESTINA&nbsp; &nbsp; \u017dIVI\u0106<\/strong><\/em><\/h2>\n<h3 style=\"text-align: center\"><em><strong>( ro\u0111. \u0160temberga )<\/strong><\/em><\/h3>\n<p><!--more-->Posljednji ispra\u0107aj na\u0161e voljene pokojnice bit \u0107e u subotu 01.02.2025. godine u 10,00 sati iz Komemorativnog centra u Labinu na gradsko groblje.<\/p>\n<p><em><strong>O\u017ealo\u0161\u0107eni:&nbsp;<\/strong><\/em>sin TEDI, nevjesta ESTER, zet SILVANO, unuci GREGORY sa ROBERTINOM, ITALO sa EMILI, TINA sa MARIOM, LARA sa ELIOM, praunuci MATEJ, JAKOV i LOGAN, kunjada SONJA sa familijom, ne\u0107aci i ne\u0107akinje te ostala tuguju\u0107a rodbina.<\/p>\n","protected":false},"excerpt":{"rendered":"<p>Tu\u017enim srcem javljamo svoj rodbini, prijateljima i znancima da nas je u \u010detvrtak 30.01.2025. godine u 91- oj godini \u017eivota napustila na\u0161a voljena CELESTINA&nbsp; &nbsp; \u017dIVI\u0106 ( ro\u0111. \u0160temberga )<\/p>\n","protected":false},"author":3,"featured_media":23188,"comment_status":"closed","ping_status":"closed","sticky":false,"template":"","format":"standard","meta":[],"categories":[3],"tags":[],"_links":{"self":[{"href":"https:\/\/prvimaj.hr\/index.php?rest_route=\/wp\/v2\/posts\/23187"}],"collection":[{"href":"https:\/\/prvimaj.hr\/index.php?rest_route=\/wp\/v2\/posts"}],"about":[{"href":"https:\/\/prvimaj.hr\/index.php?rest_route=\/wp\/v2\/types\/post"}],"author":[{"embeddable":true,"href":"https:\/\/prvimaj.hr\/index.php?rest_route=\/wp\/v2\/users\/3"}],"replies":[{"embeddable":true,"href":"https:\/\/prvimaj.hr\/index.php?rest_route=%2Fwp%2Fv2%2Fcomments&post=23187"}],"version-history":[{"count":2,"href":"https:\/\/prvimaj.hr\/index.php?rest_route=\/wp\/v2\/posts\/23187\/revisions"}],"predecessor-version":[{"id":23190,"href":"https:\/\/prvimaj.hr\/index.php?rest_route=\/wp\/v2\/posts\/23187\/revisions\/23190"}],"wp:featuredmedia":[{"embeddable":true,"href":"https:\/\/prvimaj.hr\/index.php?rest_route=\/wp\/v2\/media\/23188"}],"wp:attachment":[{"href":"https:\/\/prvimaj.hr\/index.php?rest_route=%2Fwp%2Fv2%2Fmedia&parent=23187"}],"wp:term":[{"taxonomy":"category","embeddable":true,"href":"https:\/\/prvimaj.hr\/index.php?rest_route=%2Fwp%2Fv2%2Fcategories&post=23187"},{"taxonomy":"post_tag","embeddable":true,"href":"https:\/\/prvimaj.hr\/index.php?rest_route=%2Fwp%2Fv2%2Ftags&post=23187"}],"curies":[{"name":"wp","href":"https:\/\/api.w.org\/{rel}","templated":true}]}}