{"id":23192,"date":"2025-02-01T08:40:38","date_gmt":"2025-02-01T07:40:38","guid":{"rendered":"https:\/\/prvimaj.hr\/?p=23192"},"modified":"2025-02-01T08:40:45","modified_gmt":"2025-02-01T07:40:45","slug":"jolanda-golja","status":"publish","type":"post","link":"https:\/\/prvimaj.hr\/?p=23192","title":{"rendered":"Jolanda Golja"},"content":{"rendered":"<p>Tu\u017enim srcem javljamo svoj rodbini i prijateljima da nas je dana 30.01.2025. u 95. godini \u017eivota napustila na\u0161a draga<\/p>\n<h2 style=\"text-align: center\"><em><strong>JOLANDA&nbsp; &nbsp;GOLJA<\/strong><\/em><\/h2>\n<h3 style=\"text-align: center\"><em><strong>( ro\u0111. Faraguna )<\/strong><\/em><\/h3>\n<p><!--more-->Posljednji ispra\u0107aj na\u0161e drage i voljene pokojnice biti \u0107e u ponedjeljak 03.02.2025. u 11,00 sati iz Komemorativnog centra u Labinu na gradsko groblje.<\/p>\n<p><em><strong>O\u017ealo\u0161\u0107eni:&nbsp;<\/strong><\/em>sin RUDI, nevjesta DORJANA, unuci KRISTINA s IGOROM, TEA s ADAMOM, PATRICIA s IGOROM, PAOLO s KATARINOM, praunuci FRANKA, AMOS i ANDREA, ne\u0107akinja ELDA, sestre MARIA i ALBINA, kunjado COSTANZO, ne\u0107aci i ne\u0107akinje i ostala tuguju\u0107a rodbina.<\/p>\n","protected":false},"excerpt":{"rendered":"<p>Tu\u017enim srcem javljamo svoj rodbini i prijateljima da nas je dana 30.01.2025. u 95. godini \u017eivota napustila na\u0161a draga JOLANDA&nbsp; &nbsp;GOLJA ( ro\u0111. Faraguna )<\/p>\n","protected":false},"author":3,"featured_media":23193,"comment_status":"closed","ping_status":"closed","sticky":false,"template":"","format":"standard","meta":[],"categories":[3],"tags":[],"_links":{"self":[{"href":"https:\/\/prvimaj.hr\/index.php?rest_route=\/wp\/v2\/posts\/23192"}],"collection":[{"href":"https:\/\/prvimaj.hr\/index.php?rest_route=\/wp\/v2\/posts"}],"about":[{"href":"https:\/\/prvimaj.hr\/index.php?rest_route=\/wp\/v2\/types\/post"}],"author":[{"embeddable":true,"href":"https:\/\/prvimaj.hr\/index.php?rest_route=\/wp\/v2\/users\/3"}],"replies":[{"embeddable":true,"href":"https:\/\/prvimaj.hr\/index.php?rest_route=%2Fwp%2Fv2%2Fcomments&post=23192"}],"version-history":[{"count":2,"href":"https:\/\/prvimaj.hr\/index.php?rest_route=\/wp\/v2\/posts\/23192\/revisions"}],"predecessor-version":[{"id":23195,"href":"https:\/\/prvimaj.hr\/index.php?rest_route=\/wp\/v2\/posts\/23192\/revisions\/23195"}],"wp:featuredmedia":[{"embeddable":true,"href":"https:\/\/prvimaj.hr\/index.php?rest_route=\/wp\/v2\/media\/23193"}],"wp:attachment":[{"href":"https:\/\/prvimaj.hr\/index.php?rest_route=%2Fwp%2Fv2%2Fmedia&parent=23192"}],"wp:term":[{"taxonomy":"category","embeddable":true,"href":"https:\/\/prvimaj.hr\/index.php?rest_route=%2Fwp%2Fv2%2Fcategories&post=23192"},{"taxonomy":"post_tag","embeddable":true,"href":"https:\/\/prvimaj.hr\/index.php?rest_route=%2Fwp%2Fv2%2Ftags&post=23192"}],"curies":[{"name":"wp","href":"https:\/\/api.w.org\/{rel}","templated":true}]}}