{"id":23235,"date":"2025-02-07T08:22:03","date_gmt":"2025-02-07T07:22:03","guid":{"rendered":"https:\/\/prvimaj.hr\/?p=23235"},"modified":"2025-02-07T08:22:15","modified_gmt":"2025-02-07T07:22:15","slug":"nezir-redzepi","status":"publish","type":"post","link":"https:\/\/prvimaj.hr\/?p=23235","title":{"rendered":"Nezir  Red\u017eepi"},"content":{"rendered":"<p>S tugom u srcu javljamo svoj rodbini, prijateljima i znancima da je na\u0161 rahmetli<\/p>\n<h2 style=\"text-align: center\"><strong><em>NEZIR&nbsp; &nbsp; RED\u017dEPI<\/em><\/strong><\/h2>\n<h3 style=\"text-align: center\"><strong><em>( iz Labina )<\/em><\/strong><\/h3>\n<p><!--more--><\/p>\n<p>preselio na ahiret u utorak 04.02.2025. godine u 93. godini \u017eivota. D\u017eenaza \u0107e krenuti u subotu 08.02.2025. godine u 12,00 sati iz Komemoratinog centra u Labinu na gradsko groblje.<\/p>\n<p><strong><em>O\u017ealo\u0161\u0107eni:&nbsp;<\/em><\/strong>supruga HANA, sin ENVER, k\u0107erka INDIRA, unuci HARIS i ARIJAN, te ostala tuguju\u0107a rodbina.<\/p>\n<p><\/p>\n\n\n<p><\/p>\n","protected":false},"excerpt":{"rendered":"<p>S tugom u srcu javljamo svoj rodbini, prijateljima i znancima da je na\u0161 rahmetli NEZIR&nbsp; &nbsp; RED\u017dEPI ( iz Labina )<\/p>\n","protected":false},"author":3,"featured_media":23234,"comment_status":"closed","ping_status":"closed","sticky":false,"template":"","format":"standard","meta":[],"categories":[3],"tags":[],"_links":{"self":[{"href":"https:\/\/prvimaj.hr\/index.php?rest_route=\/wp\/v2\/posts\/23235"}],"collection":[{"href":"https:\/\/prvimaj.hr\/index.php?rest_route=\/wp\/v2\/posts"}],"about":[{"href":"https:\/\/prvimaj.hr\/index.php?rest_route=\/wp\/v2\/types\/post"}],"author":[{"embeddable":true,"href":"https:\/\/prvimaj.hr\/index.php?rest_route=\/wp\/v2\/users\/3"}],"replies":[{"embeddable":true,"href":"https:\/\/prvimaj.hr\/index.php?rest_route=%2Fwp%2Fv2%2Fcomments&post=23235"}],"version-history":[{"count":2,"href":"https:\/\/prvimaj.hr\/index.php?rest_route=\/wp\/v2\/posts\/23235\/revisions"}],"predecessor-version":[{"id":23237,"href":"https:\/\/prvimaj.hr\/index.php?rest_route=\/wp\/v2\/posts\/23235\/revisions\/23237"}],"wp:featuredmedia":[{"embeddable":true,"href":"https:\/\/prvimaj.hr\/index.php?rest_route=\/wp\/v2\/media\/23234"}],"wp:attachment":[{"href":"https:\/\/prvimaj.hr\/index.php?rest_route=%2Fwp%2Fv2%2Fmedia&parent=23235"}],"wp:term":[{"taxonomy":"category","embeddable":true,"href":"https:\/\/prvimaj.hr\/index.php?rest_route=%2Fwp%2Fv2%2Fcategories&post=23235"},{"taxonomy":"post_tag","embeddable":true,"href":"https:\/\/prvimaj.hr\/index.php?rest_route=%2Fwp%2Fv2%2Ftags&post=23235"}],"curies":[{"name":"wp","href":"https:\/\/api.w.org\/{rel}","templated":true}]}}