{"id":23247,"date":"2025-02-11T11:46:51","date_gmt":"2025-02-11T10:46:51","guid":{"rendered":"https:\/\/prvimaj.hr\/?p=23247"},"modified":"2025-02-11T11:47:16","modified_gmt":"2025-02-11T10:47:16","slug":"vida-reisman","status":"publish","type":"post","link":"https:\/\/prvimaj.hr\/?p=23247","title":{"rendered":"Vida  Reisman"},"content":{"rendered":"<p>S tugom u srcu javljamo rodbini, prijateljima i znancima da nas je u utorak 11.02.2025. godine u 85. godini \u017eivota napustila na\u0161a voljena<\/p>\n<h2 style=\"text-align: center\"><strong><em>VIDA&nbsp; &nbsp; &nbsp;REISMAN<\/em><\/strong><\/h2>\n<h3 style=\"text-align: center\"><strong><em>( iz Labina )<\/em><\/strong><\/h3>\n<p><!--more--><\/p>\n<p>Posljednji ispra\u0107aj na\u0161e voljene pokojnice biti \u0107e u srijedu 12.02.2025. godine u 14,00 sati iz Komemorativnog centra u Sv.Nedelji &#8211; Nede\u0161\u0107ini na mjesno groblje.<\/p>\n<p><strong><em>Molimo za tihu su\u0107ut u domu pokojnice.<\/em><\/strong><\/p>\n<p><strong><em>O\u017ealo\u0161\u0107eni:&nbsp;<\/em><\/strong>sestra JEANNE &#8211; YVONNE, ne\u0107ak KRISTIAN s MARINOM, te ostala tuguju\u0107a rodbina i prijatelji.<\/p>\n","protected":false},"excerpt":{"rendered":"<p>S tugom u srcu javljamo rodbini, prijateljima i znancima da nas je u utorak 11.02.2025. godine u 85. godini \u017eivota napustila na\u0161a voljena VIDA&nbsp; &nbsp; &nbsp;REISMAN ( iz Labina )<\/p>\n","protected":false},"author":3,"featured_media":23246,"comment_status":"closed","ping_status":"closed","sticky":false,"template":"","format":"standard","meta":[],"categories":[3],"tags":[],"_links":{"self":[{"href":"https:\/\/prvimaj.hr\/index.php?rest_route=\/wp\/v2\/posts\/23247"}],"collection":[{"href":"https:\/\/prvimaj.hr\/index.php?rest_route=\/wp\/v2\/posts"}],"about":[{"href":"https:\/\/prvimaj.hr\/index.php?rest_route=\/wp\/v2\/types\/post"}],"author":[{"embeddable":true,"href":"https:\/\/prvimaj.hr\/index.php?rest_route=\/wp\/v2\/users\/3"}],"replies":[{"embeddable":true,"href":"https:\/\/prvimaj.hr\/index.php?rest_route=%2Fwp%2Fv2%2Fcomments&post=23247"}],"version-history":[{"count":2,"href":"https:\/\/prvimaj.hr\/index.php?rest_route=\/wp\/v2\/posts\/23247\/revisions"}],"predecessor-version":[{"id":23249,"href":"https:\/\/prvimaj.hr\/index.php?rest_route=\/wp\/v2\/posts\/23247\/revisions\/23249"}],"wp:featuredmedia":[{"embeddable":true,"href":"https:\/\/prvimaj.hr\/index.php?rest_route=\/wp\/v2\/media\/23246"}],"wp:attachment":[{"href":"https:\/\/prvimaj.hr\/index.php?rest_route=%2Fwp%2Fv2%2Fmedia&parent=23247"}],"wp:term":[{"taxonomy":"category","embeddable":true,"href":"https:\/\/prvimaj.hr\/index.php?rest_route=%2Fwp%2Fv2%2Fcategories&post=23247"},{"taxonomy":"post_tag","embeddable":true,"href":"https:\/\/prvimaj.hr\/index.php?rest_route=%2Fwp%2Fv2%2Ftags&post=23247"}],"curies":[{"name":"wp","href":"https:\/\/api.w.org\/{rel}","templated":true}]}}