{"id":23283,"date":"2025-02-18T08:01:38","date_gmt":"2025-02-18T07:01:38","guid":{"rendered":"https:\/\/prvimaj.hr\/?p=23283"},"modified":"2025-02-18T08:01:46","modified_gmt":"2025-02-18T07:01:46","slug":"mario-glavicic","status":"publish","type":"post","link":"https:\/\/prvimaj.hr\/?p=23283","title":{"rendered":"Mario Glavi\u010di\u0107"},"content":{"rendered":"<p>Tu\u017enim srcem javljamo rodbini, prijateljima i znancima da nas je u subotu 15.02.2025. godine u 74- oj godini \u017eivota napustio na\u0161 voljeni<\/p>\n<h2 style=\"text-align: center\"><em><strong>MARIO&nbsp; &nbsp;GLAVI\u010cI\u0106<\/strong><\/em><\/h2>\n<p><!--more-->Posljednji ispra\u0107aj na\u0161eg voljenog pokojnika biti \u0107e u srijedu 19.02.2025. godine u 13,00 sati iz Komemorativnog centra u Labinu na gradsko groblje.<\/p>\n<p><em><strong>O\u017ealo\u0161\u0107eni:&nbsp;<\/strong><\/em>k\u0107erka NATA\u0160A, zet TOMA\u017d, unuci ANA i TAI, te ostala tuguju\u0107a rodbina.<\/p>\n","protected":false},"excerpt":{"rendered":"<p>Tu\u017enim srcem javljamo rodbini, prijateljima i znancima da nas je u subotu 15.02.2025. godine u 74- oj godini \u017eivota napustio na\u0161 voljeni MARIO&nbsp; &nbsp;GLAVI\u010cI\u0106<\/p>\n","protected":false},"author":3,"featured_media":23284,"comment_status":"closed","ping_status":"closed","sticky":false,"template":"","format":"standard","meta":[],"categories":[3],"tags":[],"_links":{"self":[{"href":"https:\/\/prvimaj.hr\/index.php?rest_route=\/wp\/v2\/posts\/23283"}],"collection":[{"href":"https:\/\/prvimaj.hr\/index.php?rest_route=\/wp\/v2\/posts"}],"about":[{"href":"https:\/\/prvimaj.hr\/index.php?rest_route=\/wp\/v2\/types\/post"}],"author":[{"embeddable":true,"href":"https:\/\/prvimaj.hr\/index.php?rest_route=\/wp\/v2\/users\/3"}],"replies":[{"embeddable":true,"href":"https:\/\/prvimaj.hr\/index.php?rest_route=%2Fwp%2Fv2%2Fcomments&post=23283"}],"version-history":[{"count":2,"href":"https:\/\/prvimaj.hr\/index.php?rest_route=\/wp\/v2\/posts\/23283\/revisions"}],"predecessor-version":[{"id":23286,"href":"https:\/\/prvimaj.hr\/index.php?rest_route=\/wp\/v2\/posts\/23283\/revisions\/23286"}],"wp:featuredmedia":[{"embeddable":true,"href":"https:\/\/prvimaj.hr\/index.php?rest_route=\/wp\/v2\/media\/23284"}],"wp:attachment":[{"href":"https:\/\/prvimaj.hr\/index.php?rest_route=%2Fwp%2Fv2%2Fmedia&parent=23283"}],"wp:term":[{"taxonomy":"category","embeddable":true,"href":"https:\/\/prvimaj.hr\/index.php?rest_route=%2Fwp%2Fv2%2Fcategories&post=23283"},{"taxonomy":"post_tag","embeddable":true,"href":"https:\/\/prvimaj.hr\/index.php?rest_route=%2Fwp%2Fv2%2Ftags&post=23283"}],"curies":[{"name":"wp","href":"https:\/\/api.w.org\/{rel}","templated":true}]}}