{"id":23292,"date":"2025-02-19T08:24:16","date_gmt":"2025-02-19T07:24:16","guid":{"rendered":"https:\/\/prvimaj.hr\/?p=23292"},"modified":"2025-02-19T08:24:26","modified_gmt":"2025-02-19T07:24:26","slug":"pjero-gobo","status":"publish","type":"post","link":"https:\/\/prvimaj.hr\/?p=23292","title":{"rendered":"Pjero  Gobo"},"content":{"rendered":"<p>S tugom u srcu javljamo rodbini, prijateljima i znancima da nas je u utorak 18.02.2025. godine u 97. godini \u017eivota napustio na\u0161 voljeni<\/p>\n<h2 style=\"text-align: center\"><strong><em>PJERO&nbsp; &nbsp; GOBO<\/em><\/strong><\/h2>\n<h3 style=\"text-align: center\"><strong><em>( iz Rapca )<\/em><\/strong><\/h3>\n<p><!--more--><\/p>\n<p>Posljednji ispra\u0107aj na\u0161eg voljenog pokojnika biti \u0107e u \u010detvrtak 20.02.2025. godine u 12,00 sati u krugu obitelji iz Komemorativnog centra u Labinu na mjesno groblje Rabac.<\/p>\n<p><strong><em>Molimo za tihu su\u0107ut u domu pokojnika.<\/em><\/strong><\/p>\n<p><strong><em>O\u017ealo\u0161\u0107eni:&nbsp;<\/em><\/strong>supruga NELA, sin EDI i k\u0107erka KARMEN sa familijama, te ostala tuguju\u0107a rodbina.<\/p>\n","protected":false},"excerpt":{"rendered":"<p>S tugom u srcu javljamo rodbini, prijateljima i znancima da nas je u utorak 18.02.2025. godine u 97. godini \u017eivota napustio na\u0161 voljeni PJERO&nbsp; &nbsp; GOBO ( iz Rapca )<\/p>\n","protected":false},"author":3,"featured_media":23291,"comment_status":"closed","ping_status":"closed","sticky":false,"template":"","format":"standard","meta":[],"categories":[3],"tags":[],"_links":{"self":[{"href":"https:\/\/prvimaj.hr\/index.php?rest_route=\/wp\/v2\/posts\/23292"}],"collection":[{"href":"https:\/\/prvimaj.hr\/index.php?rest_route=\/wp\/v2\/posts"}],"about":[{"href":"https:\/\/prvimaj.hr\/index.php?rest_route=\/wp\/v2\/types\/post"}],"author":[{"embeddable":true,"href":"https:\/\/prvimaj.hr\/index.php?rest_route=\/wp\/v2\/users\/3"}],"replies":[{"embeddable":true,"href":"https:\/\/prvimaj.hr\/index.php?rest_route=%2Fwp%2Fv2%2Fcomments&post=23292"}],"version-history":[{"count":2,"href":"https:\/\/prvimaj.hr\/index.php?rest_route=\/wp\/v2\/posts\/23292\/revisions"}],"predecessor-version":[{"id":23294,"href":"https:\/\/prvimaj.hr\/index.php?rest_route=\/wp\/v2\/posts\/23292\/revisions\/23294"}],"wp:featuredmedia":[{"embeddable":true,"href":"https:\/\/prvimaj.hr\/index.php?rest_route=\/wp\/v2\/media\/23291"}],"wp:attachment":[{"href":"https:\/\/prvimaj.hr\/index.php?rest_route=%2Fwp%2Fv2%2Fmedia&parent=23292"}],"wp:term":[{"taxonomy":"category","embeddable":true,"href":"https:\/\/prvimaj.hr\/index.php?rest_route=%2Fwp%2Fv2%2Fcategories&post=23292"},{"taxonomy":"post_tag","embeddable":true,"href":"https:\/\/prvimaj.hr\/index.php?rest_route=%2Fwp%2Fv2%2Ftags&post=23292"}],"curies":[{"name":"wp","href":"https:\/\/api.w.org\/{rel}","templated":true}]}}