{"id":23314,"date":"2025-02-21T08:35:35","date_gmt":"2025-02-21T07:35:35","guid":{"rendered":"https:\/\/prvimaj.hr\/?p=23314"},"modified":"2025-02-21T08:35:42","modified_gmt":"2025-02-21T07:35:42","slug":"resid-britvarevic","status":"publish","type":"post","link":"https:\/\/prvimaj.hr\/?p=23314","title":{"rendered":"Re\u0161id Britvarevi\u0107"},"content":{"rendered":"<p>S tugom u srcu javljamo rodbini, prijateljima i znancima \u017ealosnu vijest da je na\u0161 rahmetli<\/p>\n<h2 style=\"text-align: center\"><em><strong>RE\u0160ID&nbsp; &nbsp;BRITVAREVI\u0106<\/strong><\/em><\/h2>\n<h3 style=\"text-align: center\"><em><strong>( iz Krapna )<\/strong><\/em><\/h3>\n<p><!--more-->preselio na ahiret u \u010detvrtak 20.02.2025. godine u 69- oj godini \u017eivota. D\u017eenaza \u0107e krenuti u subotu 22.02.2025. godine u 11,00 sati iz Komemorativnog centra u Labinu na gradsko groblje.<\/p>\n<p><em><strong>O\u017ealo\u0161\u0107eni:&nbsp;<\/strong><\/em>supruga MINA, k\u0107erke SELMIRA i ELVIRA, zetovi IZUDIN i NE\u0110AD, unuci DINO, DAMIR, EMIR i SELENA, brat HASIB sa familijom, sestre RABKA i HAFIZA sa familijama, te ostala tuguju\u0107a rodbina.<\/p>\n","protected":false},"excerpt":{"rendered":"<p>S tugom u srcu javljamo rodbini, prijateljima i znancima \u017ealosnu vijest da je na\u0161 rahmetli RE\u0160ID&nbsp; &nbsp;BRITVAREVI\u0106 ( iz Krapna )<\/p>\n","protected":false},"author":3,"featured_media":23315,"comment_status":"closed","ping_status":"closed","sticky":false,"template":"","format":"standard","meta":[],"categories":[3],"tags":[],"_links":{"self":[{"href":"https:\/\/prvimaj.hr\/index.php?rest_route=\/wp\/v2\/posts\/23314"}],"collection":[{"href":"https:\/\/prvimaj.hr\/index.php?rest_route=\/wp\/v2\/posts"}],"about":[{"href":"https:\/\/prvimaj.hr\/index.php?rest_route=\/wp\/v2\/types\/post"}],"author":[{"embeddable":true,"href":"https:\/\/prvimaj.hr\/index.php?rest_route=\/wp\/v2\/users\/3"}],"replies":[{"embeddable":true,"href":"https:\/\/prvimaj.hr\/index.php?rest_route=%2Fwp%2Fv2%2Fcomments&post=23314"}],"version-history":[{"count":2,"href":"https:\/\/prvimaj.hr\/index.php?rest_route=\/wp\/v2\/posts\/23314\/revisions"}],"predecessor-version":[{"id":23317,"href":"https:\/\/prvimaj.hr\/index.php?rest_route=\/wp\/v2\/posts\/23314\/revisions\/23317"}],"wp:featuredmedia":[{"embeddable":true,"href":"https:\/\/prvimaj.hr\/index.php?rest_route=\/wp\/v2\/media\/23315"}],"wp:attachment":[{"href":"https:\/\/prvimaj.hr\/index.php?rest_route=%2Fwp%2Fv2%2Fmedia&parent=23314"}],"wp:term":[{"taxonomy":"category","embeddable":true,"href":"https:\/\/prvimaj.hr\/index.php?rest_route=%2Fwp%2Fv2%2Fcategories&post=23314"},{"taxonomy":"post_tag","embeddable":true,"href":"https:\/\/prvimaj.hr\/index.php?rest_route=%2Fwp%2Fv2%2Ftags&post=23314"}],"curies":[{"name":"wp","href":"https:\/\/api.w.org\/{rel}","templated":true}]}}