{"id":23334,"date":"2025-02-27T06:39:00","date_gmt":"2025-02-27T05:39:00","guid":{"rendered":"https:\/\/prvimaj.hr\/?p=23334"},"modified":"2025-02-27T06:39:07","modified_gmt":"2025-02-27T05:39:07","slug":"rado-petrovic","status":"publish","type":"post","link":"https:\/\/prvimaj.hr\/?p=23334","title":{"rendered":"Rado Petrovi\u0107"},"content":{"rendered":"<p>S tugom u srcu javljamo rodbini, prijateljima i znancima da nas je u ponedjeljak 24.02.2025. godine u 54- oj godini \u017eivota napustio na\u0161 voljeni<\/p>\n<h2 style=\"text-align: center\"><em><strong>RADO&nbsp; &nbsp;PETROVI\u0106<\/strong><\/em><\/h2>\n<h3 style=\"text-align: center\"><em><strong>( iz Nede\u0161\u0107ine )<\/strong><\/em><\/h3>\n<p><!--more-->Posljednji ispra\u0107aj na\u0161eg voljenog pokojnika bit \u0107e u subotu 01.03.2025. godine u 12,00 sati iz Komemorativnog centra u Nede\u0161\u0107ini na mjesno groblje.<\/p>\n<p><em><strong>O\u017ealo\u0161\u0107eni:&nbsp;<\/strong><\/em>majka KATA, bra\u0107a VLADO, ANTO, \u017dELJKO, nevjeste ( kunjade ) SNJE\u017dANA, JUDIT, IRENA, ne\u0107aci DAVOR, IGOR, ADAM, kao i mnogobrojna tuguju\u0107a rodbina i prijatelji.<\/p>\n","protected":false},"excerpt":{"rendered":"<p>S tugom u srcu javljamo rodbini, prijateljima i znancima da nas je u ponedjeljak 24.02.2025. godine u 54- oj godini \u017eivota napustio na\u0161 voljeni RADO&nbsp; &nbsp;PETROVI\u0106 ( iz Nede\u0161\u0107ine )<\/p>\n","protected":false},"author":3,"featured_media":23335,"comment_status":"closed","ping_status":"closed","sticky":false,"template":"","format":"standard","meta":[],"categories":[3],"tags":[],"_links":{"self":[{"href":"https:\/\/prvimaj.hr\/index.php?rest_route=\/wp\/v2\/posts\/23334"}],"collection":[{"href":"https:\/\/prvimaj.hr\/index.php?rest_route=\/wp\/v2\/posts"}],"about":[{"href":"https:\/\/prvimaj.hr\/index.php?rest_route=\/wp\/v2\/types\/post"}],"author":[{"embeddable":true,"href":"https:\/\/prvimaj.hr\/index.php?rest_route=\/wp\/v2\/users\/3"}],"replies":[{"embeddable":true,"href":"https:\/\/prvimaj.hr\/index.php?rest_route=%2Fwp%2Fv2%2Fcomments&post=23334"}],"version-history":[{"count":2,"href":"https:\/\/prvimaj.hr\/index.php?rest_route=\/wp\/v2\/posts\/23334\/revisions"}],"predecessor-version":[{"id":23337,"href":"https:\/\/prvimaj.hr\/index.php?rest_route=\/wp\/v2\/posts\/23334\/revisions\/23337"}],"wp:featuredmedia":[{"embeddable":true,"href":"https:\/\/prvimaj.hr\/index.php?rest_route=\/wp\/v2\/media\/23335"}],"wp:attachment":[{"href":"https:\/\/prvimaj.hr\/index.php?rest_route=%2Fwp%2Fv2%2Fmedia&parent=23334"}],"wp:term":[{"taxonomy":"category","embeddable":true,"href":"https:\/\/prvimaj.hr\/index.php?rest_route=%2Fwp%2Fv2%2Fcategories&post=23334"},{"taxonomy":"post_tag","embeddable":true,"href":"https:\/\/prvimaj.hr\/index.php?rest_route=%2Fwp%2Fv2%2Ftags&post=23334"}],"curies":[{"name":"wp","href":"https:\/\/api.w.org\/{rel}","templated":true}]}}