{"id":23345,"date":"2025-02-27T11:03:59","date_gmt":"2025-02-27T10:03:59","guid":{"rendered":"https:\/\/prvimaj.hr\/?p=23345"},"modified":"2025-02-27T11:04:06","modified_gmt":"2025-02-27T10:04:06","slug":"marija-persic","status":"publish","type":"post","link":"https:\/\/prvimaj.hr\/?p=23345","title":{"rendered":"Marija Per\u0161i\u0107"},"content":{"rendered":"<p>Tu\u017enim srcem javljamo rodbini, prijatelji i znancima da nas je u utorak 25.02.2025. godine u 78- oj godini \u017eivota napustila na\u0161a voljena<\/p>\n<h2 style=\"text-align: center\"><em><strong>MARIJA&nbsp; &nbsp;PER\u0160I\u0106<\/strong><\/em><\/h2>\n<h3 style=\"text-align: center\"><em><strong>( Marica iz Labina )<\/strong><\/em><\/h3>\n<p><!--more-->Posljednji ispra\u0107aj na\u0161e voljene pokojnice biti \u0107e u petak 28.02.2025. godine u 12,30 sati iz Komemorativnog centra u Labinu na gradsko groblje.<\/p>\n<p><em><strong>O\u017ealo\u0161\u0107eni:&nbsp;<\/strong><\/em>ne\u0107akinje SANDRA i NATA\u0160A sa familijama, te ostala tuguju\u0107a rodbina.<\/p>\n","protected":false},"excerpt":{"rendered":"<p>Tu\u017enim srcem javljamo rodbini, prijatelji i znancima da nas je u utorak 25.02.2025. godine u 78- oj godini \u017eivota napustila na\u0161a voljena MARIJA&nbsp; &nbsp;PER\u0160I\u0106 ( Marica iz Labina )<\/p>\n","protected":false},"author":3,"featured_media":23346,"comment_status":"closed","ping_status":"closed","sticky":false,"template":"","format":"standard","meta":[],"categories":[3],"tags":[],"_links":{"self":[{"href":"https:\/\/prvimaj.hr\/index.php?rest_route=\/wp\/v2\/posts\/23345"}],"collection":[{"href":"https:\/\/prvimaj.hr\/index.php?rest_route=\/wp\/v2\/posts"}],"about":[{"href":"https:\/\/prvimaj.hr\/index.php?rest_route=\/wp\/v2\/types\/post"}],"author":[{"embeddable":true,"href":"https:\/\/prvimaj.hr\/index.php?rest_route=\/wp\/v2\/users\/3"}],"replies":[{"embeddable":true,"href":"https:\/\/prvimaj.hr\/index.php?rest_route=%2Fwp%2Fv2%2Fcomments&post=23345"}],"version-history":[{"count":2,"href":"https:\/\/prvimaj.hr\/index.php?rest_route=\/wp\/v2\/posts\/23345\/revisions"}],"predecessor-version":[{"id":23348,"href":"https:\/\/prvimaj.hr\/index.php?rest_route=\/wp\/v2\/posts\/23345\/revisions\/23348"}],"wp:featuredmedia":[{"embeddable":true,"href":"https:\/\/prvimaj.hr\/index.php?rest_route=\/wp\/v2\/media\/23346"}],"wp:attachment":[{"href":"https:\/\/prvimaj.hr\/index.php?rest_route=%2Fwp%2Fv2%2Fmedia&parent=23345"}],"wp:term":[{"taxonomy":"category","embeddable":true,"href":"https:\/\/prvimaj.hr\/index.php?rest_route=%2Fwp%2Fv2%2Fcategories&post=23345"},{"taxonomy":"post_tag","embeddable":true,"href":"https:\/\/prvimaj.hr\/index.php?rest_route=%2Fwp%2Fv2%2Ftags&post=23345"}],"curies":[{"name":"wp","href":"https:\/\/api.w.org\/{rel}","templated":true}]}}