{"id":23349,"date":"2025-02-27T11:09:25","date_gmt":"2025-02-27T10:09:25","guid":{"rendered":"https:\/\/prvimaj.hr\/?p=23349"},"modified":"2025-02-27T11:57:47","modified_gmt":"2025-02-27T10:57:47","slug":"josip-scira","status":"publish","type":"post","link":"https:\/\/prvimaj.hr\/?p=23349","title":{"rendered":"Josip \u0160\u0107ira"},"content":{"rendered":"<p>Tu\u017enim srcem javljamo rodbini, prijateljima i znancima da nas je u srijedu 26.02.2025. godine u 89- oj godini \u017eivota napustio na\u0161 voljeni<\/p>\n<h2 style=\"text-align: center;\"><em><strong>JOSIP\u00a0 \u00a0\u0160\u0106IRA<\/strong><\/em><\/h2>\n<p><!--more-->Posljednji ispra\u0107aj na\u0161eg voljenog pokojnika biti \u0107e u petak 28.02.2025. u krugu obitelji iz Komemorativnog centra u Sv. Martinu &#8211; Martinskom na mjesno groblje.<\/p>\n<p><em><strong>Molimo za tihu su\u0107ut!<\/strong><\/em><\/p>\n<p><em><strong>O\u017ealo\u0161\u0107eni:\u00a0<\/strong><\/em>supruga JELICA, sinovi DRAGAN i ALEKSEJ, nevjesta SANDRA, unuci BEPO, MATTEO sa MARTINOM, PIERO sa AUROROM, EMMA, praunuci VITO, ANGELA i TONI, te ostala tuguju\u0107a rodbina.<\/p>\n","protected":false},"excerpt":{"rendered":"<p>Tu\u017enim srcem javljamo rodbini, prijateljima i znancima da nas je u srijedu 26.02.2025. godine u 89- oj godini \u017eivota napustio na\u0161 voljeni JOSIP\u00a0 \u00a0\u0160\u0106IRA<\/p>\n","protected":false},"author":3,"featured_media":23350,"comment_status":"closed","ping_status":"closed","sticky":false,"template":"","format":"standard","meta":[],"categories":[3],"tags":[],"_links":{"self":[{"href":"https:\/\/prvimaj.hr\/index.php?rest_route=\/wp\/v2\/posts\/23349"}],"collection":[{"href":"https:\/\/prvimaj.hr\/index.php?rest_route=\/wp\/v2\/posts"}],"about":[{"href":"https:\/\/prvimaj.hr\/index.php?rest_route=\/wp\/v2\/types\/post"}],"author":[{"embeddable":true,"href":"https:\/\/prvimaj.hr\/index.php?rest_route=\/wp\/v2\/users\/3"}],"replies":[{"embeddable":true,"href":"https:\/\/prvimaj.hr\/index.php?rest_route=%2Fwp%2Fv2%2Fcomments&post=23349"}],"version-history":[{"count":3,"href":"https:\/\/prvimaj.hr\/index.php?rest_route=\/wp\/v2\/posts\/23349\/revisions"}],"predecessor-version":[{"id":23353,"href":"https:\/\/prvimaj.hr\/index.php?rest_route=\/wp\/v2\/posts\/23349\/revisions\/23353"}],"wp:featuredmedia":[{"embeddable":true,"href":"https:\/\/prvimaj.hr\/index.php?rest_route=\/wp\/v2\/media\/23350"}],"wp:attachment":[{"href":"https:\/\/prvimaj.hr\/index.php?rest_route=%2Fwp%2Fv2%2Fmedia&parent=23349"}],"wp:term":[{"taxonomy":"category","embeddable":true,"href":"https:\/\/prvimaj.hr\/index.php?rest_route=%2Fwp%2Fv2%2Fcategories&post=23349"},{"taxonomy":"post_tag","embeddable":true,"href":"https:\/\/prvimaj.hr\/index.php?rest_route=%2Fwp%2Fv2%2Ftags&post=23349"}],"curies":[{"name":"wp","href":"https:\/\/api.w.org\/{rel}","templated":true}]}}