{"id":23372,"date":"2025-03-04T06:51:19","date_gmt":"2025-03-04T05:51:19","guid":{"rendered":"https:\/\/prvimaj.hr\/?p=23372"},"modified":"2025-03-04T07:04:55","modified_gmt":"2025-03-04T06:04:55","slug":"marinela-nacinovic-2","status":"publish","type":"post","link":"https:\/\/prvimaj.hr\/?p=23372","title":{"rendered":"Marinela  Na\u010dinovi\u0107"},"content":{"rendered":"<p>Tu\u017enim srcem javljamo rodbini, prijateljima i znancima da nas je u subotu 01.03.2025. godine u 63. godini \u017eivota napustila na\u0161a voljena<\/p>\n<h2 style=\"text-align: center;\"><strong><em>MARINELA\u00a0 \u00a0 NA\u010cINOVI\u0106<\/em><\/strong><\/h2>\n<h3 style=\"text-align: center;\"><strong><em>( ro\u0111. Zulijani )<\/em><\/strong><\/h3>\n<p><!--more--><\/p>\n<p>Posljednji ispra\u0107aj na\u0161e voljene pokojnice biti \u0107e u \u010detvrtak 06.03.2025. godine u 12,30 sati iz Komemorativnog centra u Labinu na gradsko groblje.<\/p>\n<p><em><strong>O\u017ealo\u0161\u0107eni: <\/strong><\/em>suprug JOSIP, sinovi DEAN i VIKTOR sa KRISTINOM, k\u0107erka MARINA sa DEJVIDOM, unuci NOLA, PAOLA i JURIJ, bra\u0107a MARIO i VALTER sa familijama, te ostala tuguju\u0107a rodbina.\u00a0<\/p>\n\n\n<p><\/p>\n","protected":false},"excerpt":{"rendered":"<p>Tu\u017enim srcem javljamo rodbini, prijateljima i znancima da nas je u subotu 01.03.2025. godine u 63. godini \u017eivota napustila na\u0161a voljena MARINELA\u00a0 \u00a0 NA\u010cINOVI\u0106 ( ro\u0111. Zulijani )<\/p>\n","protected":false},"author":3,"featured_media":23371,"comment_status":"closed","ping_status":"closed","sticky":false,"template":"","format":"standard","meta":[],"categories":[3],"tags":[],"_links":{"self":[{"href":"https:\/\/prvimaj.hr\/index.php?rest_route=\/wp\/v2\/posts\/23372"}],"collection":[{"href":"https:\/\/prvimaj.hr\/index.php?rest_route=\/wp\/v2\/posts"}],"about":[{"href":"https:\/\/prvimaj.hr\/index.php?rest_route=\/wp\/v2\/types\/post"}],"author":[{"embeddable":true,"href":"https:\/\/prvimaj.hr\/index.php?rest_route=\/wp\/v2\/users\/3"}],"replies":[{"embeddable":true,"href":"https:\/\/prvimaj.hr\/index.php?rest_route=%2Fwp%2Fv2%2Fcomments&post=23372"}],"version-history":[{"count":3,"href":"https:\/\/prvimaj.hr\/index.php?rest_route=\/wp\/v2\/posts\/23372\/revisions"}],"predecessor-version":[{"id":23379,"href":"https:\/\/prvimaj.hr\/index.php?rest_route=\/wp\/v2\/posts\/23372\/revisions\/23379"}],"wp:featuredmedia":[{"embeddable":true,"href":"https:\/\/prvimaj.hr\/index.php?rest_route=\/wp\/v2\/media\/23371"}],"wp:attachment":[{"href":"https:\/\/prvimaj.hr\/index.php?rest_route=%2Fwp%2Fv2%2Fmedia&parent=23372"}],"wp:term":[{"taxonomy":"category","embeddable":true,"href":"https:\/\/prvimaj.hr\/index.php?rest_route=%2Fwp%2Fv2%2Fcategories&post=23372"},{"taxonomy":"post_tag","embeddable":true,"href":"https:\/\/prvimaj.hr\/index.php?rest_route=%2Fwp%2Fv2%2Ftags&post=23372"}],"curies":[{"name":"wp","href":"https:\/\/api.w.org\/{rel}","templated":true}]}}