{"id":23404,"date":"2025-03-10T12:30:48","date_gmt":"2025-03-10T11:30:48","guid":{"rendered":"https:\/\/prvimaj.hr\/?p=23404"},"modified":"2025-03-10T12:30:59","modified_gmt":"2025-03-10T11:30:59","slug":"ratko-benazic","status":"publish","type":"post","link":"https:\/\/prvimaj.hr\/?p=23404","title":{"rendered":"Ratko  Benazi\u0107"},"content":{"rendered":"<p>Tu\u017enim srcem javljamo rodbini, prijateljima i znancima da nas je u nedjelju 09.03.2025. godine u 84. godini \u017eivota napustio na\u0161 voljeni<\/p>\n<h2 style=\"text-align: center\"><strong><em>RATKO&nbsp; &nbsp; BENAZI\u0106<\/em><\/strong><\/h2>\n<h3 style=\"text-align: center\"><strong><em>( iz Labina )<\/em><\/strong><\/h3>\n<p><!--more--><\/p>\n<p>Posljednji ispra\u0107aj na\u0161eg voljenog pokojnika biti \u0107e u utorak 11.03.2025. godine u 12,30 sati iz Komemorativnog centra u Labinu na gradsko groblje.<\/p>\n<p><strong><em>O\u017ealo\u0161\u0107eni:&nbsp;<\/em><\/strong>supruga SLAVICA, sinovi SANDRO i DEAN sa MAJOM, sestra ANTICA, ne\u0107ak ALEN, te ostala tuguju\u0107a rodbina.<\/p>\n\n\n<p><\/p>\n","protected":false},"excerpt":{"rendered":"<p>Tu\u017enim srcem javljamo rodbini, prijateljima i znancima da nas je u nedjelju 09.03.2025. godine u 84. godini \u017eivota napustio na\u0161 voljeni RATKO&nbsp; &nbsp; BENAZI\u0106 ( iz Labina )<\/p>\n","protected":false},"author":3,"featured_media":23403,"comment_status":"closed","ping_status":"closed","sticky":false,"template":"","format":"standard","meta":[],"categories":[3],"tags":[],"_links":{"self":[{"href":"https:\/\/prvimaj.hr\/index.php?rest_route=\/wp\/v2\/posts\/23404"}],"collection":[{"href":"https:\/\/prvimaj.hr\/index.php?rest_route=\/wp\/v2\/posts"}],"about":[{"href":"https:\/\/prvimaj.hr\/index.php?rest_route=\/wp\/v2\/types\/post"}],"author":[{"embeddable":true,"href":"https:\/\/prvimaj.hr\/index.php?rest_route=\/wp\/v2\/users\/3"}],"replies":[{"embeddable":true,"href":"https:\/\/prvimaj.hr\/index.php?rest_route=%2Fwp%2Fv2%2Fcomments&post=23404"}],"version-history":[{"count":2,"href":"https:\/\/prvimaj.hr\/index.php?rest_route=\/wp\/v2\/posts\/23404\/revisions"}],"predecessor-version":[{"id":23406,"href":"https:\/\/prvimaj.hr\/index.php?rest_route=\/wp\/v2\/posts\/23404\/revisions\/23406"}],"wp:featuredmedia":[{"embeddable":true,"href":"https:\/\/prvimaj.hr\/index.php?rest_route=\/wp\/v2\/media\/23403"}],"wp:attachment":[{"href":"https:\/\/prvimaj.hr\/index.php?rest_route=%2Fwp%2Fv2%2Fmedia&parent=23404"}],"wp:term":[{"taxonomy":"category","embeddable":true,"href":"https:\/\/prvimaj.hr\/index.php?rest_route=%2Fwp%2Fv2%2Fcategories&post=23404"},{"taxonomy":"post_tag","embeddable":true,"href":"https:\/\/prvimaj.hr\/index.php?rest_route=%2Fwp%2Fv2%2Ftags&post=23404"}],"curies":[{"name":"wp","href":"https:\/\/api.w.org\/{rel}","templated":true}]}}