{"id":23415,"date":"2025-03-11T11:42:29","date_gmt":"2025-03-11T10:42:29","guid":{"rendered":"https:\/\/prvimaj.hr\/?p=23415"},"modified":"2025-03-11T11:42:35","modified_gmt":"2025-03-11T10:42:35","slug":"heli-golja","status":"publish","type":"post","link":"https:\/\/prvimaj.hr\/?p=23415","title":{"rendered":"Heli Golja"},"content":{"rendered":"<p>Tu\u017enim srcem javljamo rodbini, prijateljima i znancima da nas je u petak 07.03.2025. godine u 63- oj godini \u017eivota napustila na\u0161a voljena<\/p>\n<h2 style=\"text-align: center\"><em><strong>HELI&nbsp; &nbsp;GOLJA<\/strong><\/em><\/h2>\n<h3 style=\"text-align: center\"><em><strong>( ro\u0111. Bati\u010di\u0107 )<\/strong><\/em><\/h3>\n<p><!--more-->Posljednji ispra\u0107aj odr\u017ean je 11.03.2025. u krugu obitelji.<\/p>\n<p><strong>O\u017ealo\u0161\u0107eni:<\/strong> suprug MORENO, k\u0107erka JELENA s KRUNOM, brat \u0110ONI sa familijom, kunjadi i kunjade sa djecom, svekrva, te ostala tuguju\u0107a rodbina.<\/p>\n","protected":false},"excerpt":{"rendered":"<p>Tu\u017enim srcem javljamo rodbini, prijateljima i znancima da nas je u petak 07.03.2025. godine u 63- oj godini \u017eivota napustila na\u0161a voljena HELI&nbsp; &nbsp;GOLJA ( ro\u0111. Bati\u010di\u0107 )<\/p>\n","protected":false},"author":3,"featured_media":23416,"comment_status":"closed","ping_status":"closed","sticky":false,"template":"","format":"standard","meta":[],"categories":[3],"tags":[],"_links":{"self":[{"href":"https:\/\/prvimaj.hr\/index.php?rest_route=\/wp\/v2\/posts\/23415"}],"collection":[{"href":"https:\/\/prvimaj.hr\/index.php?rest_route=\/wp\/v2\/posts"}],"about":[{"href":"https:\/\/prvimaj.hr\/index.php?rest_route=\/wp\/v2\/types\/post"}],"author":[{"embeddable":true,"href":"https:\/\/prvimaj.hr\/index.php?rest_route=\/wp\/v2\/users\/3"}],"replies":[{"embeddable":true,"href":"https:\/\/prvimaj.hr\/index.php?rest_route=%2Fwp%2Fv2%2Fcomments&post=23415"}],"version-history":[{"count":2,"href":"https:\/\/prvimaj.hr\/index.php?rest_route=\/wp\/v2\/posts\/23415\/revisions"}],"predecessor-version":[{"id":23418,"href":"https:\/\/prvimaj.hr\/index.php?rest_route=\/wp\/v2\/posts\/23415\/revisions\/23418"}],"wp:featuredmedia":[{"embeddable":true,"href":"https:\/\/prvimaj.hr\/index.php?rest_route=\/wp\/v2\/media\/23416"}],"wp:attachment":[{"href":"https:\/\/prvimaj.hr\/index.php?rest_route=%2Fwp%2Fv2%2Fmedia&parent=23415"}],"wp:term":[{"taxonomy":"category","embeddable":true,"href":"https:\/\/prvimaj.hr\/index.php?rest_route=%2Fwp%2Fv2%2Fcategories&post=23415"},{"taxonomy":"post_tag","embeddable":true,"href":"https:\/\/prvimaj.hr\/index.php?rest_route=%2Fwp%2Fv2%2Ftags&post=23415"}],"curies":[{"name":"wp","href":"https:\/\/api.w.org\/{rel}","templated":true}]}}