{"id":23431,"date":"2025-03-13T13:04:20","date_gmt":"2025-03-13T12:04:20","guid":{"rendered":"https:\/\/prvimaj.hr\/?p=23431"},"modified":"2025-03-13T13:04:32","modified_gmt":"2025-03-13T12:04:32","slug":"alma-petric","status":"publish","type":"post","link":"https:\/\/prvimaj.hr\/?p=23431","title":{"rendered":"Alma  Petri\u0107"},"content":{"rendered":"<p>Tu\u017enim srcem javljamo rodbini, prijateljima i znancima da nas je u srijedu 12.03.2025. godine u 94. godini \u017eivota napustila na\u0161a voljena<\/p>\n<h2 style=\"text-align: center\"><strong><em>ALMA&nbsp; &nbsp; &nbsp;PETRI\u0106<\/em><\/strong><\/h2>\n<h3 style=\"text-align: center\"><strong><em>( ro\u0111. Glavi\u0107 iz \u0160umbera )<\/em><\/strong><\/h3>\n<p><!--more--><\/p>\n<p>Posljednji ispra\u0107aj na\u0161e voljene pokojnice biti \u0107e u petak 14.03.2025. godine u 13,00 sati iz Komemorativnog centra u \u0160umberu na mjesno roblje.<\/p>\n<p><strong><em>O\u017ealo\u0161\u0107eni:&nbsp;<\/em><\/strong>k\u0107erka DANICA, zet STJEPAN, unuk MARKO sa IVANOM, praunuci HANA i DAVID, te ostala tuguju\u0107a rodbina.<\/p>\n\n\n<p><\/p>\n","protected":false},"excerpt":{"rendered":"<p>Tu\u017enim srcem javljamo rodbini, prijateljima i znancima da nas je u srijedu 12.03.2025. godine u 94. godini \u017eivota napustila na\u0161a voljena ALMA&nbsp; &nbsp; &nbsp;PETRI\u0106 ( ro\u0111. Glavi\u0107 iz \u0160umbera )<\/p>\n","protected":false},"author":3,"featured_media":23430,"comment_status":"closed","ping_status":"closed","sticky":false,"template":"","format":"standard","meta":[],"categories":[3],"tags":[],"_links":{"self":[{"href":"https:\/\/prvimaj.hr\/index.php?rest_route=\/wp\/v2\/posts\/23431"}],"collection":[{"href":"https:\/\/prvimaj.hr\/index.php?rest_route=\/wp\/v2\/posts"}],"about":[{"href":"https:\/\/prvimaj.hr\/index.php?rest_route=\/wp\/v2\/types\/post"}],"author":[{"embeddable":true,"href":"https:\/\/prvimaj.hr\/index.php?rest_route=\/wp\/v2\/users\/3"}],"replies":[{"embeddable":true,"href":"https:\/\/prvimaj.hr\/index.php?rest_route=%2Fwp%2Fv2%2Fcomments&post=23431"}],"version-history":[{"count":2,"href":"https:\/\/prvimaj.hr\/index.php?rest_route=\/wp\/v2\/posts\/23431\/revisions"}],"predecessor-version":[{"id":23433,"href":"https:\/\/prvimaj.hr\/index.php?rest_route=\/wp\/v2\/posts\/23431\/revisions\/23433"}],"wp:featuredmedia":[{"embeddable":true,"href":"https:\/\/prvimaj.hr\/index.php?rest_route=\/wp\/v2\/media\/23430"}],"wp:attachment":[{"href":"https:\/\/prvimaj.hr\/index.php?rest_route=%2Fwp%2Fv2%2Fmedia&parent=23431"}],"wp:term":[{"taxonomy":"category","embeddable":true,"href":"https:\/\/prvimaj.hr\/index.php?rest_route=%2Fwp%2Fv2%2Fcategories&post=23431"},{"taxonomy":"post_tag","embeddable":true,"href":"https:\/\/prvimaj.hr\/index.php?rest_route=%2Fwp%2Fv2%2Ftags&post=23431"}],"curies":[{"name":"wp","href":"https:\/\/api.w.org\/{rel}","templated":true}]}}