{"id":23445,"date":"2025-03-18T09:43:44","date_gmt":"2025-03-18T08:43:44","guid":{"rendered":"https:\/\/prvimaj.hr\/?p=23445"},"modified":"2025-03-18T09:44:00","modified_gmt":"2025-03-18T08:44:00","slug":"antonela-matanic","status":"publish","type":"post","link":"https:\/\/prvimaj.hr\/?p=23445","title":{"rendered":"Antonela  Matani\u0107"},"content":{"rendered":"<p>S tugom u srcu javljamo rodbini, prijateljima i znancima da nas je u nedjelju 16.03.2025. godine u 23. godini \u017eivota napustila na\u0161a voljena<\/p>\n<h2 style=\"text-align: center\"><strong><em>ANTONELA&nbsp; &nbsp; MATANI\u0106<\/em><\/strong><\/h2>\n<h3 style=\"text-align: center\"><strong><em>( iz Labina )<\/em><\/strong><\/h3>\n<p><!--more--><\/p>\n<p>Posljednji ispra\u0107aj na\u0161e voljene pokojnice biti \u0107e u srijedu 19.03.2025. godine u 14,00 sati iz Komemorativnog centra u Labinu na gradsko goblje.<\/p>\n<p><strong><em>O\u017ealo\u0161\u0107eni:&nbsp;<\/em><\/strong>mama DANIJELA, brat DOMINIK, dida STJEPAN, baka MIRA, ujak DANIJEL sa familijom, te ostala tuguju\u0107a rodbina.<\/p>\n<p><\/p>\n\n\n<p><\/p>\n","protected":false},"excerpt":{"rendered":"<p>S tugom u srcu javljamo rodbini, prijateljima i znancima da nas je u nedjelju 16.03.2025. godine u 23. godini \u017eivota napustila na\u0161a voljena ANTONELA&nbsp; &nbsp; MATANI\u0106 ( iz Labina )<\/p>\n","protected":false},"author":3,"featured_media":23444,"comment_status":"closed","ping_status":"closed","sticky":false,"template":"","format":"standard","meta":[],"categories":[3],"tags":[],"_links":{"self":[{"href":"https:\/\/prvimaj.hr\/index.php?rest_route=\/wp\/v2\/posts\/23445"}],"collection":[{"href":"https:\/\/prvimaj.hr\/index.php?rest_route=\/wp\/v2\/posts"}],"about":[{"href":"https:\/\/prvimaj.hr\/index.php?rest_route=\/wp\/v2\/types\/post"}],"author":[{"embeddable":true,"href":"https:\/\/prvimaj.hr\/index.php?rest_route=\/wp\/v2\/users\/3"}],"replies":[{"embeddable":true,"href":"https:\/\/prvimaj.hr\/index.php?rest_route=%2Fwp%2Fv2%2Fcomments&post=23445"}],"version-history":[{"count":2,"href":"https:\/\/prvimaj.hr\/index.php?rest_route=\/wp\/v2\/posts\/23445\/revisions"}],"predecessor-version":[{"id":23447,"href":"https:\/\/prvimaj.hr\/index.php?rest_route=\/wp\/v2\/posts\/23445\/revisions\/23447"}],"wp:featuredmedia":[{"embeddable":true,"href":"https:\/\/prvimaj.hr\/index.php?rest_route=\/wp\/v2\/media\/23444"}],"wp:attachment":[{"href":"https:\/\/prvimaj.hr\/index.php?rest_route=%2Fwp%2Fv2%2Fmedia&parent=23445"}],"wp:term":[{"taxonomy":"category","embeddable":true,"href":"https:\/\/prvimaj.hr\/index.php?rest_route=%2Fwp%2Fv2%2Fcategories&post=23445"},{"taxonomy":"post_tag","embeddable":true,"href":"https:\/\/prvimaj.hr\/index.php?rest_route=%2Fwp%2Fv2%2Ftags&post=23445"}],"curies":[{"name":"wp","href":"https:\/\/api.w.org\/{rel}","templated":true}]}}