{"id":23470,"date":"2025-03-20T08:20:30","date_gmt":"2025-03-20T07:20:30","guid":{"rendered":"https:\/\/prvimaj.hr\/?p=23470"},"modified":"2025-03-20T08:20:39","modified_gmt":"2025-03-20T07:20:39","slug":"jeanne-yvonne-reisman","status":"publish","type":"post","link":"https:\/\/prvimaj.hr\/?p=23470","title":{"rendered":"Jeanne Yvonne Reisman"},"content":{"rendered":"<p>Tu\u017enim srcem javljamo rodbini, prijateljima i znancima da nas je u srijedu 19.03.2025. godine u 84- oj godini \u017eivota napustila na\u0161a voljena<\/p>\n<h2 style=\"text-align: center\"><em><strong>JEANNE&nbsp; YVONNE&nbsp; REISMAN<\/strong><\/em><\/h2>\n<h3 style=\"text-align: center\"><em><strong>( \u017dana iz Rapca )<\/strong><\/em><\/h3>\n<p><!--more-->Posljednji ispra\u0107aj na\u0161e voljene pokojnice biti \u0107e u petak 21.03.2025. godine u 14,00 sati iz Komemorativnog centra u Sv. Nedelji &#8211; Nede\u0161\u0107ini na mjesno groblje.<\/p>\n<p><em><strong>Molimo za tihu su\u0107ut u domu pokojnice!<\/strong><\/em><\/p>\n<p><em><strong>O\u017ealo\u0161\u0107eni:&nbsp;<\/strong><\/em>ne\u0107ak KRISTIAN s MARINOM, sestri\u010dna VIKICA, zarmana SONJA, te ostala tuguju\u0107a rodbina.<\/p>\n","protected":false},"excerpt":{"rendered":"<p>Tu\u017enim srcem javljamo rodbini, prijateljima i znancima da nas je u srijedu 19.03.2025. godine u 84- oj godini \u017eivota napustila na\u0161a voljena JEANNE&nbsp; YVONNE&nbsp; REISMAN ( \u017dana iz Rapca )<\/p>\n","protected":false},"author":3,"featured_media":23471,"comment_status":"closed","ping_status":"closed","sticky":false,"template":"","format":"standard","meta":[],"categories":[3],"tags":[],"_links":{"self":[{"href":"https:\/\/prvimaj.hr\/index.php?rest_route=\/wp\/v2\/posts\/23470"}],"collection":[{"href":"https:\/\/prvimaj.hr\/index.php?rest_route=\/wp\/v2\/posts"}],"about":[{"href":"https:\/\/prvimaj.hr\/index.php?rest_route=\/wp\/v2\/types\/post"}],"author":[{"embeddable":true,"href":"https:\/\/prvimaj.hr\/index.php?rest_route=\/wp\/v2\/users\/3"}],"replies":[{"embeddable":true,"href":"https:\/\/prvimaj.hr\/index.php?rest_route=%2Fwp%2Fv2%2Fcomments&post=23470"}],"version-history":[{"count":2,"href":"https:\/\/prvimaj.hr\/index.php?rest_route=\/wp\/v2\/posts\/23470\/revisions"}],"predecessor-version":[{"id":23473,"href":"https:\/\/prvimaj.hr\/index.php?rest_route=\/wp\/v2\/posts\/23470\/revisions\/23473"}],"wp:featuredmedia":[{"embeddable":true,"href":"https:\/\/prvimaj.hr\/index.php?rest_route=\/wp\/v2\/media\/23471"}],"wp:attachment":[{"href":"https:\/\/prvimaj.hr\/index.php?rest_route=%2Fwp%2Fv2%2Fmedia&parent=23470"}],"wp:term":[{"taxonomy":"category","embeddable":true,"href":"https:\/\/prvimaj.hr\/index.php?rest_route=%2Fwp%2Fv2%2Fcategories&post=23470"},{"taxonomy":"post_tag","embeddable":true,"href":"https:\/\/prvimaj.hr\/index.php?rest_route=%2Fwp%2Fv2%2Ftags&post=23470"}],"curies":[{"name":"wp","href":"https:\/\/api.w.org\/{rel}","templated":true}]}}