{"id":23502,"date":"2025-03-24T11:36:38","date_gmt":"2025-03-24T10:36:38","guid":{"rendered":"https:\/\/prvimaj.hr\/?p=23502"},"modified":"2025-03-24T11:37:08","modified_gmt":"2025-03-24T10:37:08","slug":"ilario-verbanac","status":"publish","type":"post","link":"https:\/\/prvimaj.hr\/?p=23502","title":{"rendered":"Ilario Verbanac"},"content":{"rendered":"<p>Tu\u017enim srcem javljamo rodbini, prijateljima i znancima da nas je u subotu 22.03.2025. godine u 87- oj godini \u017eivota napustio na\u0161 voljeni<\/p>\n<h2 style=\"text-align: center\"><em><strong>ILARIO&nbsp; &nbsp;VERBANAC<\/strong><\/em><\/h2>\n<h3 style=\"text-align: center\"><em><strong>( Toma\u017ei\u0107 iz Santalezi )<\/strong><\/em><\/h3>\n<p><!--more-->Posljednji ispra\u0107aj na\u0161eg voljenog pokojnika biti \u0107e u utorak 25.03.2025. godine u 14,00 sati iz Komemorativnog centra u Sv. Nedelji &#8211; Nede\u0161\u0107ini na mjesno groblje.<\/p>\n<p><em><strong>O\u017ealo\u0161\u0107eni:&nbsp;<\/strong><\/em>k\u0107erke ORIJELA i LOREDANA, unuci EMANUEL, LARA, LORIJANA, ANA i LORENA, praunuci PETAR, ADRIJAN i JAKOV, brat AN\u0110ELO sa familijom, te ostala tuguju\u0107a rodbina.<\/p>\n","protected":false},"excerpt":{"rendered":"<p>Tu\u017enim srcem javljamo rodbini, prijateljima i znancima da nas je u subotu 22.03.2025. godine u 87- oj godini \u017eivota napustio na\u0161 voljeni ILARIO&nbsp; &nbsp;VERBANAC ( Toma\u017ei\u0107 iz Santalezi )<\/p>\n","protected":false},"author":3,"featured_media":23503,"comment_status":"closed","ping_status":"closed","sticky":false,"template":"","format":"standard","meta":[],"categories":[3],"tags":[],"_links":{"self":[{"href":"https:\/\/prvimaj.hr\/index.php?rest_route=\/wp\/v2\/posts\/23502"}],"collection":[{"href":"https:\/\/prvimaj.hr\/index.php?rest_route=\/wp\/v2\/posts"}],"about":[{"href":"https:\/\/prvimaj.hr\/index.php?rest_route=\/wp\/v2\/types\/post"}],"author":[{"embeddable":true,"href":"https:\/\/prvimaj.hr\/index.php?rest_route=\/wp\/v2\/users\/3"}],"replies":[{"embeddable":true,"href":"https:\/\/prvimaj.hr\/index.php?rest_route=%2Fwp%2Fv2%2Fcomments&post=23502"}],"version-history":[{"count":2,"href":"https:\/\/prvimaj.hr\/index.php?rest_route=\/wp\/v2\/posts\/23502\/revisions"}],"predecessor-version":[{"id":23505,"href":"https:\/\/prvimaj.hr\/index.php?rest_route=\/wp\/v2\/posts\/23502\/revisions\/23505"}],"wp:featuredmedia":[{"embeddable":true,"href":"https:\/\/prvimaj.hr\/index.php?rest_route=\/wp\/v2\/media\/23503"}],"wp:attachment":[{"href":"https:\/\/prvimaj.hr\/index.php?rest_route=%2Fwp%2Fv2%2Fmedia&parent=23502"}],"wp:term":[{"taxonomy":"category","embeddable":true,"href":"https:\/\/prvimaj.hr\/index.php?rest_route=%2Fwp%2Fv2%2Fcategories&post=23502"},{"taxonomy":"post_tag","embeddable":true,"href":"https:\/\/prvimaj.hr\/index.php?rest_route=%2Fwp%2Fv2%2Ftags&post=23502"}],"curies":[{"name":"wp","href":"https:\/\/api.w.org\/{rel}","templated":true}]}}