{"id":23506,"date":"2025-03-24T11:44:22","date_gmt":"2025-03-24T10:44:22","guid":{"rendered":"https:\/\/prvimaj.hr\/?p=23506"},"modified":"2025-03-24T11:44:29","modified_gmt":"2025-03-24T10:44:29","slug":"luciano-verbanac","status":"publish","type":"post","link":"https:\/\/prvimaj.hr\/?p=23506","title":{"rendered":"Luciano Verbanac"},"content":{"rendered":"<p>Tu\u017enim srcem javljamo rodbini, prijateljima i znancima da nas je u nedjelju 23.03.2025. godine u 83- oj godini \u017eivota napustio na\u0161 voljeni<\/p>\n<h2 style=\"text-align: center\"><em><strong>LUCIANO&nbsp; &nbsp;VERBANAC<\/strong><\/em><\/h2>\n<h3 style=\"text-align: center\"><em><strong>( iz Brnjci )<\/strong><\/em><\/h3>\n<p><!--more-->Posljednji ispra\u0107aj na\u0161eg voljenog pokojnika biti \u0107e u utorak 25.03.2025. godine u krugu obitelji iz Komemorativnog centra u Sv. Martinu &#8211; Martinskom na mjesno groblje.<\/p>\n<p><em><strong>Molimo za tihu su\u0107ut!<\/strong><\/em><\/p>\n<p><em><strong>O\u017ealo\u0161\u0107eni:&nbsp;<\/strong><\/em>sin DAMIR, nevjesta ZVJEZDANA, unuci IVA sa MAURICIOM, IVAN sa SANJOM i VALERIO, praunuci VALENTINA, NOLA i LEONA, sestra MARIJA sa familijom, bra\u0107a IVE i BEPI sa familijom, kunjada AN\u0110ELA sa familijom, te ostala tuguju\u0107a rodbina.<\/p>\n","protected":false},"excerpt":{"rendered":"<p>Tu\u017enim srcem javljamo rodbini, prijateljima i znancima da nas je u nedjelju 23.03.2025. godine u 83- oj godini \u017eivota napustio na\u0161 voljeni LUCIANO&nbsp; &nbsp;VERBANAC ( iz Brnjci )<\/p>\n","protected":false},"author":3,"featured_media":23507,"comment_status":"closed","ping_status":"closed","sticky":false,"template":"","format":"standard","meta":[],"categories":[3],"tags":[],"_links":{"self":[{"href":"https:\/\/prvimaj.hr\/index.php?rest_route=\/wp\/v2\/posts\/23506"}],"collection":[{"href":"https:\/\/prvimaj.hr\/index.php?rest_route=\/wp\/v2\/posts"}],"about":[{"href":"https:\/\/prvimaj.hr\/index.php?rest_route=\/wp\/v2\/types\/post"}],"author":[{"embeddable":true,"href":"https:\/\/prvimaj.hr\/index.php?rest_route=\/wp\/v2\/users\/3"}],"replies":[{"embeddable":true,"href":"https:\/\/prvimaj.hr\/index.php?rest_route=%2Fwp%2Fv2%2Fcomments&post=23506"}],"version-history":[{"count":2,"href":"https:\/\/prvimaj.hr\/index.php?rest_route=\/wp\/v2\/posts\/23506\/revisions"}],"predecessor-version":[{"id":23509,"href":"https:\/\/prvimaj.hr\/index.php?rest_route=\/wp\/v2\/posts\/23506\/revisions\/23509"}],"wp:featuredmedia":[{"embeddable":true,"href":"https:\/\/prvimaj.hr\/index.php?rest_route=\/wp\/v2\/media\/23507"}],"wp:attachment":[{"href":"https:\/\/prvimaj.hr\/index.php?rest_route=%2Fwp%2Fv2%2Fmedia&parent=23506"}],"wp:term":[{"taxonomy":"category","embeddable":true,"href":"https:\/\/prvimaj.hr\/index.php?rest_route=%2Fwp%2Fv2%2Fcategories&post=23506"},{"taxonomy":"post_tag","embeddable":true,"href":"https:\/\/prvimaj.hr\/index.php?rest_route=%2Fwp%2Fv2%2Ftags&post=23506"}],"curies":[{"name":"wp","href":"https:\/\/api.w.org\/{rel}","templated":true}]}}