{"id":23549,"date":"2025-04-10T07:38:20","date_gmt":"2025-04-10T06:38:20","guid":{"rendered":"https:\/\/prvimaj.hr\/?p=23549"},"modified":"2025-04-10T07:38:28","modified_gmt":"2025-04-10T06:38:28","slug":"fehim-halilovic","status":"publish","type":"post","link":"https:\/\/prvimaj.hr\/?p=23549","title":{"rendered":"Fehim Halilovi\u0107"},"content":{"rendered":"<p>S tugom u srcu javljamo svoj rodbini, prijateljima i znancima da je na\u0161 rahmetli<\/p>\n<h2 style=\"text-align: center\"><em><strong>FEHIM&nbsp; &nbsp;HALILOVI\u0106<\/strong><\/em><\/h2>\n<h3 style=\"text-align: center\"><em><strong>( Mance iz Vine\u017ea )<\/strong><\/em><\/h3>\n<p><!--more-->preselio na ahiret u srijedu 09.04.2025. godine u 79- oj godini \u017eivota. D\u017eenaza \u0107e krenuti u subotu 12.04.2025. godine u 11,00 sati iz Komemorativnog centra u Sv. Nedelji &#8211; Nede\u0161\u0107ini na mjesno groblje.<\/p>\n<p><em><strong>O\u017ealo\u0161\u0107eni: <\/strong><\/em>supruga MIHANA, sin NERMIN, k\u0107erke JASMINA i NERMINA, zetovi JASMIN i ZEKIR, unuci VAHIDIN, ELMAS i SADIN, brat RE\u0110O i sestra MINA sa familijama, te ostala tuguju\u0107a rodbina.<\/p>\n","protected":false},"excerpt":{"rendered":"<p>S tugom u srcu javljamo svoj rodbini, prijateljima i znancima da je na\u0161 rahmetli FEHIM&nbsp; &nbsp;HALILOVI\u0106 ( Mance iz Vine\u017ea )<\/p>\n","protected":false},"author":3,"featured_media":23550,"comment_status":"closed","ping_status":"closed","sticky":false,"template":"","format":"standard","meta":[],"categories":[3],"tags":[],"_links":{"self":[{"href":"https:\/\/prvimaj.hr\/index.php?rest_route=\/wp\/v2\/posts\/23549"}],"collection":[{"href":"https:\/\/prvimaj.hr\/index.php?rest_route=\/wp\/v2\/posts"}],"about":[{"href":"https:\/\/prvimaj.hr\/index.php?rest_route=\/wp\/v2\/types\/post"}],"author":[{"embeddable":true,"href":"https:\/\/prvimaj.hr\/index.php?rest_route=\/wp\/v2\/users\/3"}],"replies":[{"embeddable":true,"href":"https:\/\/prvimaj.hr\/index.php?rest_route=%2Fwp%2Fv2%2Fcomments&post=23549"}],"version-history":[{"count":2,"href":"https:\/\/prvimaj.hr\/index.php?rest_route=\/wp\/v2\/posts\/23549\/revisions"}],"predecessor-version":[{"id":23552,"href":"https:\/\/prvimaj.hr\/index.php?rest_route=\/wp\/v2\/posts\/23549\/revisions\/23552"}],"wp:featuredmedia":[{"embeddable":true,"href":"https:\/\/prvimaj.hr\/index.php?rest_route=\/wp\/v2\/media\/23550"}],"wp:attachment":[{"href":"https:\/\/prvimaj.hr\/index.php?rest_route=%2Fwp%2Fv2%2Fmedia&parent=23549"}],"wp:term":[{"taxonomy":"category","embeddable":true,"href":"https:\/\/prvimaj.hr\/index.php?rest_route=%2Fwp%2Fv2%2Fcategories&post=23549"},{"taxonomy":"post_tag","embeddable":true,"href":"https:\/\/prvimaj.hr\/index.php?rest_route=%2Fwp%2Fv2%2Ftags&post=23549"}],"curies":[{"name":"wp","href":"https:\/\/api.w.org\/{rel}","templated":true}]}}