{"id":23577,"date":"2025-04-15T08:30:20","date_gmt":"2025-04-15T07:30:20","guid":{"rendered":"https:\/\/prvimaj.hr\/?p=23577"},"modified":"2025-04-15T08:30:27","modified_gmt":"2025-04-15T07:30:27","slug":"teodor-sumonja","status":"publish","type":"post","link":"https:\/\/prvimaj.hr\/?p=23577","title":{"rendered":"Teodor \u0160umonja"},"content":{"rendered":"<p>S neopisivom tugom u srcu obavje\u0161tavamo malobrojnu rodbinu, prijatelje i poznanike da je oti\u0161ao moj voljeni otac<\/p>\n<h2 style=\"text-align: center\"><em><strong>TEODOR&nbsp; &nbsp; \u0160UMONJA<\/strong><\/em><\/h2>\n<p><!--more--> Pokop \u0107e se odr\u017eati u \u010detvrtak 17.04.2025. u 12,00 sati, krenut \u0107e iz Komemorativnog centra u Labinu na gradsko groblje.<\/p>\n<p><em><strong>Njegova dobrota, volja i snaga ostavit \u0107e neizbrisiv trag u na\u0161im \u017eivotima. Bio je oslonac porodice, \u010dovjek velikog srca i nepokolebljive ljubavi. Iako vi\u0161e nije s nama, sje\u0107anje na njega \u017eivjet \u0107e vje\u010dno u na\u0161im mislima i pri\u010dama. Po\u010divaj u miru, tata moj.<\/strong><\/em><\/p>\n<p>Tvoji: BOJAN, SANJA i VASJA<\/p>\n<p><!--more--><\/p>\n","protected":false},"excerpt":{"rendered":"<p>S neopisivom tugom u srcu obavje\u0161tavamo malobrojnu rodbinu, prijatelje i poznanike da je oti\u0161ao moj voljeni otac TEODOR&nbsp; &nbsp; \u0160UMONJA<\/p>\n","protected":false},"author":3,"featured_media":23578,"comment_status":"closed","ping_status":"closed","sticky":false,"template":"","format":"standard","meta":[],"categories":[3],"tags":[],"_links":{"self":[{"href":"https:\/\/prvimaj.hr\/index.php?rest_route=\/wp\/v2\/posts\/23577"}],"collection":[{"href":"https:\/\/prvimaj.hr\/index.php?rest_route=\/wp\/v2\/posts"}],"about":[{"href":"https:\/\/prvimaj.hr\/index.php?rest_route=\/wp\/v2\/types\/post"}],"author":[{"embeddable":true,"href":"https:\/\/prvimaj.hr\/index.php?rest_route=\/wp\/v2\/users\/3"}],"replies":[{"embeddable":true,"href":"https:\/\/prvimaj.hr\/index.php?rest_route=%2Fwp%2Fv2%2Fcomments&post=23577"}],"version-history":[{"count":2,"href":"https:\/\/prvimaj.hr\/index.php?rest_route=\/wp\/v2\/posts\/23577\/revisions"}],"predecessor-version":[{"id":23580,"href":"https:\/\/prvimaj.hr\/index.php?rest_route=\/wp\/v2\/posts\/23577\/revisions\/23580"}],"wp:featuredmedia":[{"embeddable":true,"href":"https:\/\/prvimaj.hr\/index.php?rest_route=\/wp\/v2\/media\/23578"}],"wp:attachment":[{"href":"https:\/\/prvimaj.hr\/index.php?rest_route=%2Fwp%2Fv2%2Fmedia&parent=23577"}],"wp:term":[{"taxonomy":"category","embeddable":true,"href":"https:\/\/prvimaj.hr\/index.php?rest_route=%2Fwp%2Fv2%2Fcategories&post=23577"},{"taxonomy":"post_tag","embeddable":true,"href":"https:\/\/prvimaj.hr\/index.php?rest_route=%2Fwp%2Fv2%2Ftags&post=23577"}],"curies":[{"name":"wp","href":"https:\/\/api.w.org\/{rel}","templated":true}]}}