{"id":23584,"date":"2025-04-15T13:27:35","date_gmt":"2025-04-15T12:27:35","guid":{"rendered":"https:\/\/prvimaj.hr\/?p=23584"},"modified":"2025-04-15T13:27:42","modified_gmt":"2025-04-15T12:27:42","slug":"emil-vihtelic","status":"publish","type":"post","link":"https:\/\/prvimaj.hr\/?p=23584","title":{"rendered":"Emil Vihteli\u0107"},"content":{"rendered":"<p>S tugom u srcu javljamo rodbini, prijateljima i znancima da nas je napustio na\u0161 voljeni, suprug, otac i djed<\/p>\n<h2 style=\"text-align: center\"><em><strong>EMIL&nbsp; &nbsp;VIHTALI\u0106<\/strong><\/em><\/h2>\n<p><!--more-->Polaganje urne obavit \u0107e se na gradskom groblju Labin.<\/p>\n<p><em><strong>O\u017ealo\u0161\u0107eni:&nbsp;<\/strong><\/em>supruga GABRIJELA, k\u0107erka ALEXANDRA, sin MARJAN sa NENOM, unuka NALA, te ostala tuguju\u0107a rodbina.<\/p>\n","protected":false},"excerpt":{"rendered":"<p>S tugom u srcu javljamo rodbini, prijateljima i znancima da nas je napustio na\u0161 voljeni, suprug, otac i djed EMIL&nbsp; &nbsp;VIHTALI\u0106<\/p>\n","protected":false},"author":3,"featured_media":23583,"comment_status":"closed","ping_status":"closed","sticky":false,"template":"","format":"standard","meta":[],"categories":[3],"tags":[],"_links":{"self":[{"href":"https:\/\/prvimaj.hr\/index.php?rest_route=\/wp\/v2\/posts\/23584"}],"collection":[{"href":"https:\/\/prvimaj.hr\/index.php?rest_route=\/wp\/v2\/posts"}],"about":[{"href":"https:\/\/prvimaj.hr\/index.php?rest_route=\/wp\/v2\/types\/post"}],"author":[{"embeddable":true,"href":"https:\/\/prvimaj.hr\/index.php?rest_route=\/wp\/v2\/users\/3"}],"replies":[{"embeddable":true,"href":"https:\/\/prvimaj.hr\/index.php?rest_route=%2Fwp%2Fv2%2Fcomments&post=23584"}],"version-history":[{"count":2,"href":"https:\/\/prvimaj.hr\/index.php?rest_route=\/wp\/v2\/posts\/23584\/revisions"}],"predecessor-version":[{"id":23586,"href":"https:\/\/prvimaj.hr\/index.php?rest_route=\/wp\/v2\/posts\/23584\/revisions\/23586"}],"wp:featuredmedia":[{"embeddable":true,"href":"https:\/\/prvimaj.hr\/index.php?rest_route=\/wp\/v2\/media\/23583"}],"wp:attachment":[{"href":"https:\/\/prvimaj.hr\/index.php?rest_route=%2Fwp%2Fv2%2Fmedia&parent=23584"}],"wp:term":[{"taxonomy":"category","embeddable":true,"href":"https:\/\/prvimaj.hr\/index.php?rest_route=%2Fwp%2Fv2%2Fcategories&post=23584"},{"taxonomy":"post_tag","embeddable":true,"href":"https:\/\/prvimaj.hr\/index.php?rest_route=%2Fwp%2Fv2%2Ftags&post=23584"}],"curies":[{"name":"wp","href":"https:\/\/api.w.org\/{rel}","templated":true}]}}