{"id":23616,"date":"2025-04-22T08:39:42","date_gmt":"2025-04-22T07:39:42","guid":{"rendered":"https:\/\/prvimaj.hr\/?p=23616"},"modified":"2025-04-22T08:39:49","modified_gmt":"2025-04-22T07:39:49","slug":"pierina-brencic","status":"publish","type":"post","link":"https:\/\/prvimaj.hr\/?p=23616","title":{"rendered":"Pierina Bren\u010di\u0107"},"content":{"rendered":"<p>S tugom u srcu javljamo rodbini, prijateljima i znancima da nas je u nedjelju 20.04.2025. godine u 86- oj godini \u017eivota napustila na\u0161a voljena<\/p>\n<h2 style=\"text-align: center\"><em><strong>PIERINA&nbsp; &nbsp;BREN\u010cI\u0106<\/strong><\/em><\/h2>\n<h3 style=\"text-align: center\"><em><strong>( ro\u0111. \u010calovi\u0107 )<\/strong><\/em><\/h3>\n<p><!--more-->Posljednji ispra\u0107aj na\u0161e voljene pokojnice biti \u0107e u srijedu 23.04.2025. godine u 14,00 sati iz Komemorativnog centra u Sv. Martinu &#8211; Martinskom na mjesno groblje.<\/p>\n<p><em><strong>O\u017ealo\u0161\u0107eni:&nbsp;<\/strong><\/em>sin MLADEN, nevjeste JASMINKA i JADRANKA, unuci NINA sa SEBASTIANOM, TONI sa NINOM i MATTEO sa CHIAROM, praunuk DARIAN, sestra ROMANA, te ostala tuguju\u0107a rodbina.<\/p>\n","protected":false},"excerpt":{"rendered":"<p>S tugom u srcu javljamo rodbini, prijateljima i znancima da nas je u nedjelju 20.04.2025. godine u 86- oj godini \u017eivota napustila na\u0161a voljena PIERINA&nbsp; &nbsp;BREN\u010cI\u0106 ( ro\u0111. \u010calovi\u0107 )<\/p>\n","protected":false},"author":3,"featured_media":23617,"comment_status":"closed","ping_status":"closed","sticky":false,"template":"","format":"standard","meta":[],"categories":[3],"tags":[],"_links":{"self":[{"href":"https:\/\/prvimaj.hr\/index.php?rest_route=\/wp\/v2\/posts\/23616"}],"collection":[{"href":"https:\/\/prvimaj.hr\/index.php?rest_route=\/wp\/v2\/posts"}],"about":[{"href":"https:\/\/prvimaj.hr\/index.php?rest_route=\/wp\/v2\/types\/post"}],"author":[{"embeddable":true,"href":"https:\/\/prvimaj.hr\/index.php?rest_route=\/wp\/v2\/users\/3"}],"replies":[{"embeddable":true,"href":"https:\/\/prvimaj.hr\/index.php?rest_route=%2Fwp%2Fv2%2Fcomments&post=23616"}],"version-history":[{"count":2,"href":"https:\/\/prvimaj.hr\/index.php?rest_route=\/wp\/v2\/posts\/23616\/revisions"}],"predecessor-version":[{"id":23619,"href":"https:\/\/prvimaj.hr\/index.php?rest_route=\/wp\/v2\/posts\/23616\/revisions\/23619"}],"wp:featuredmedia":[{"embeddable":true,"href":"https:\/\/prvimaj.hr\/index.php?rest_route=\/wp\/v2\/media\/23617"}],"wp:attachment":[{"href":"https:\/\/prvimaj.hr\/index.php?rest_route=%2Fwp%2Fv2%2Fmedia&parent=23616"}],"wp:term":[{"taxonomy":"category","embeddable":true,"href":"https:\/\/prvimaj.hr\/index.php?rest_route=%2Fwp%2Fv2%2Fcategories&post=23616"},{"taxonomy":"post_tag","embeddable":true,"href":"https:\/\/prvimaj.hr\/index.php?rest_route=%2Fwp%2Fv2%2Ftags&post=23616"}],"curies":[{"name":"wp","href":"https:\/\/api.w.org\/{rel}","templated":true}]}}