{"id":23657,"date":"2025-04-27T08:03:29","date_gmt":"2025-04-27T07:03:29","guid":{"rendered":"https:\/\/prvimaj.hr\/?p=23657"},"modified":"2025-04-27T08:03:36","modified_gmt":"2025-04-27T07:03:36","slug":"marija-skopac-6","status":"publish","type":"post","link":"https:\/\/prvimaj.hr\/?p=23657","title":{"rendered":"Marija \u0160kopac"},"content":{"rendered":"<p>Tu\u017enim srce javljamo rodbini, prijateljima i znancima da nas je u subotu 26.04.2025. godine u 88- oj godini \u017eivota napustila na\u0161a voljena<\/p>\n<h2 style=\"text-align: center\"><em><strong>MARIJA&nbsp; &nbsp;\u0160KOPAC<\/strong><\/em><\/h2>\n<h3 style=\"text-align: center\"><em><strong>( ro\u0111. Kos iz Gornjeg Rapca )<\/strong><\/em><\/h3>\n<p><!--more-->Posljednji ispra\u0107aj na\u0161e voljene pokojnice biti \u0107e u ponedjeljak 28.04.2025. godine u 13,00 sati iz Komemorativnog centra u Labinu na mjesno groblje Rabac.<\/p>\n<p><em><strong>O\u017ealo\u0161\u0107eni:&nbsp;<\/strong><\/em>k\u0107erka MARINELA, zet BRUNO, jedini unuk MORENO sa MAGDALENOM, brati BEPI i NINO, sestra ANA, kunjado, kunjade, ne\u0107aci i ne\u0107akinje, te ostala tuguju\u0107a rodbina.<\/p>\n","protected":false},"excerpt":{"rendered":"<p>Tu\u017enim srce javljamo rodbini, prijateljima i znancima da nas je u subotu 26.04.2025. godine u 88- oj godini \u017eivota napustila na\u0161a voljena MARIJA&nbsp; &nbsp;\u0160KOPAC ( ro\u0111. Kos iz Gornjeg Rapca )<\/p>\n","protected":false},"author":3,"featured_media":23658,"comment_status":"closed","ping_status":"closed","sticky":false,"template":"","format":"standard","meta":[],"categories":[3],"tags":[],"_links":{"self":[{"href":"https:\/\/prvimaj.hr\/index.php?rest_route=\/wp\/v2\/posts\/23657"}],"collection":[{"href":"https:\/\/prvimaj.hr\/index.php?rest_route=\/wp\/v2\/posts"}],"about":[{"href":"https:\/\/prvimaj.hr\/index.php?rest_route=\/wp\/v2\/types\/post"}],"author":[{"embeddable":true,"href":"https:\/\/prvimaj.hr\/index.php?rest_route=\/wp\/v2\/users\/3"}],"replies":[{"embeddable":true,"href":"https:\/\/prvimaj.hr\/index.php?rest_route=%2Fwp%2Fv2%2Fcomments&post=23657"}],"version-history":[{"count":2,"href":"https:\/\/prvimaj.hr\/index.php?rest_route=\/wp\/v2\/posts\/23657\/revisions"}],"predecessor-version":[{"id":23660,"href":"https:\/\/prvimaj.hr\/index.php?rest_route=\/wp\/v2\/posts\/23657\/revisions\/23660"}],"wp:featuredmedia":[{"embeddable":true,"href":"https:\/\/prvimaj.hr\/index.php?rest_route=\/wp\/v2\/media\/23658"}],"wp:attachment":[{"href":"https:\/\/prvimaj.hr\/index.php?rest_route=%2Fwp%2Fv2%2Fmedia&parent=23657"}],"wp:term":[{"taxonomy":"category","embeddable":true,"href":"https:\/\/prvimaj.hr\/index.php?rest_route=%2Fwp%2Fv2%2Fcategories&post=23657"},{"taxonomy":"post_tag","embeddable":true,"href":"https:\/\/prvimaj.hr\/index.php?rest_route=%2Fwp%2Fv2%2Ftags&post=23657"}],"curies":[{"name":"wp","href":"https:\/\/api.w.org\/{rel}","templated":true}]}}