{"id":23681,"date":"2025-05-02T08:57:34","date_gmt":"2025-05-02T07:57:34","guid":{"rendered":"https:\/\/prvimaj.hr\/?p=23681"},"modified":"2025-05-05T07:08:53","modified_gmt":"2025-05-05T06:08:53","slug":"suzana-divkovic","status":"publish","type":"post","link":"https:\/\/prvimaj.hr\/?p=23681","title":{"rendered":"Suzana Dikovi\u0107"},"content":{"rendered":"<p>Tu\u017enim srcem javljamo rodbini, prijateljima i znancima da nas je u utorak 29.04.2025. godine u 65- oj godini \u017eivota napustila na\u0161a voljena<\/p>\n<h2 style=\"text-align: center;\"><em><strong>SUZANA\u00a0 \u00a0DIKOVI\u0106<\/strong><\/em><\/h2>\n<h3 style=\"text-align: center;\"><em><strong>( ro\u0111. Si\u0111i iz Labina )<\/strong><\/em><\/h3>\n<p><!--more-->Posljednji ispra\u0107aj na\u0161e voljene pokojnice biti \u0107e u subotu 03.05.2025. godine u krugu obitelji iz Komemorativnog centra u Labinu na gradsko groblje.<\/p>\n<p><em><strong>Molimo za tihu su\u0107ut.<\/strong><\/em><\/p>\n<p><em><strong>O\u017ealo\u0161\u0107eni:\u00a0<\/strong><\/em>suprug DARIO, sin DALIBOR, k\u0107erka SANDRA, unuci ADRIAN i NEA, ALEN, BARRY, te ostala tuguju\u0107a rodbina i prijatelji.<\/p>\n","protected":false},"excerpt":{"rendered":"<p>Tu\u017enim srcem javljamo rodbini, prijateljima i znancima da nas je u utorak 29.04.2025. godine u 65- oj godini \u017eivota napustila na\u0161a voljena SUZANA\u00a0 \u00a0DIKOVI\u0106 ( ro\u0111. Si\u0111i iz Labina )<\/p>\n","protected":false},"author":3,"featured_media":23682,"comment_status":"closed","ping_status":"closed","sticky":false,"template":"","format":"standard","meta":[],"categories":[3],"tags":[],"_links":{"self":[{"href":"https:\/\/prvimaj.hr\/index.php?rest_route=\/wp\/v2\/posts\/23681"}],"collection":[{"href":"https:\/\/prvimaj.hr\/index.php?rest_route=\/wp\/v2\/posts"}],"about":[{"href":"https:\/\/prvimaj.hr\/index.php?rest_route=\/wp\/v2\/types\/post"}],"author":[{"embeddable":true,"href":"https:\/\/prvimaj.hr\/index.php?rest_route=\/wp\/v2\/users\/3"}],"replies":[{"embeddable":true,"href":"https:\/\/prvimaj.hr\/index.php?rest_route=%2Fwp%2Fv2%2Fcomments&post=23681"}],"version-history":[{"count":3,"href":"https:\/\/prvimaj.hr\/index.php?rest_route=\/wp\/v2\/posts\/23681\/revisions"}],"predecessor-version":[{"id":23697,"href":"https:\/\/prvimaj.hr\/index.php?rest_route=\/wp\/v2\/posts\/23681\/revisions\/23697"}],"wp:featuredmedia":[{"embeddable":true,"href":"https:\/\/prvimaj.hr\/index.php?rest_route=\/wp\/v2\/media\/23682"}],"wp:attachment":[{"href":"https:\/\/prvimaj.hr\/index.php?rest_route=%2Fwp%2Fv2%2Fmedia&parent=23681"}],"wp:term":[{"taxonomy":"category","embeddable":true,"href":"https:\/\/prvimaj.hr\/index.php?rest_route=%2Fwp%2Fv2%2Fcategories&post=23681"},{"taxonomy":"post_tag","embeddable":true,"href":"https:\/\/prvimaj.hr\/index.php?rest_route=%2Fwp%2Fv2%2Ftags&post=23681"}],"curies":[{"name":"wp","href":"https:\/\/api.w.org\/{rel}","templated":true}]}}