{"id":23685,"date":"2025-05-03T05:52:41","date_gmt":"2025-05-03T04:52:41","guid":{"rendered":"https:\/\/prvimaj.hr\/?p=23685"},"modified":"2025-05-03T05:52:48","modified_gmt":"2025-05-03T04:52:48","slug":"karolina-mucic","status":"publish","type":"post","link":"https:\/\/prvimaj.hr\/?p=23685","title":{"rendered":"Karolina Muci\u0107"},"content":{"rendered":"<p>U dubokoj boli javljamo tu\u017enu vijest svoj rodbini, prijateljima i poznanicima da nas je nakon kratke i te\u0161ke bolesti 28.04.2025. godine u 81- oj godini \u017eivota napustila na\u0161a draga i voljena<\/p>\n<h2 style=\"text-align: center\"><em><strong>KAROLINA&nbsp; &nbsp;MUCI\u0106<\/strong><\/em><\/h2>\n<h3 style=\"text-align: center\"><em><strong>( ro\u0111. Skomer\u0161i\u0107 iz Svete Marine )<\/strong><\/em><\/h3>\n<p><!--more-->Posljednji ispra\u0107aj na\u0161e drage pokojnice bit \u0107e u utorak 06.05.2025. u 15,00 sati iz Komemorativnog centra u Labinu na gradsko groblje.<\/p>\n<p>Prema \u017eelji pokojnice, molimo da se umjesto cvije\u0107a pomogne za djecu s&nbsp;<em><strong>posebnim potrebama, udruga Krilo Labina, IBAN: HR 9323800061148003093.<\/strong><\/em><\/p>\n<p><em><strong>O\u017ealo\u0161\u0107eni:&nbsp;<\/strong><\/em>suprug ILIJA, sinovi LADISLAV i DOMAGOJ sa INES, nevjesta DEBORA, unuci KATARINA sa FILIPOM, MATEJ sa ANAMARIOM, NIKOLINA, LUKA, MARKO, MAGDALENA i LOVRO te ostala o\u017ealo\u0161\u0107ena rodbina.<\/p>\n","protected":false},"excerpt":{"rendered":"<p>U dubokoj boli javljamo tu\u017enu vijest svoj rodbini, prijateljima i poznanicima da nas je nakon kratke i te\u0161ke bolesti 28.04.2025. godine u 81- oj godini \u017eivota napustila na\u0161a draga i voljena KAROLINA&nbsp; &nbsp;MUCI\u0106 ( ro\u0111. Skomer\u0161i\u0107 iz Svete Marine )<\/p>\n","protected":false},"author":3,"featured_media":23686,"comment_status":"closed","ping_status":"closed","sticky":false,"template":"","format":"standard","meta":[],"categories":[3],"tags":[],"_links":{"self":[{"href":"https:\/\/prvimaj.hr\/index.php?rest_route=\/wp\/v2\/posts\/23685"}],"collection":[{"href":"https:\/\/prvimaj.hr\/index.php?rest_route=\/wp\/v2\/posts"}],"about":[{"href":"https:\/\/prvimaj.hr\/index.php?rest_route=\/wp\/v2\/types\/post"}],"author":[{"embeddable":true,"href":"https:\/\/prvimaj.hr\/index.php?rest_route=\/wp\/v2\/users\/3"}],"replies":[{"embeddable":true,"href":"https:\/\/prvimaj.hr\/index.php?rest_route=%2Fwp%2Fv2%2Fcomments&post=23685"}],"version-history":[{"count":2,"href":"https:\/\/prvimaj.hr\/index.php?rest_route=\/wp\/v2\/posts\/23685\/revisions"}],"predecessor-version":[{"id":23688,"href":"https:\/\/prvimaj.hr\/index.php?rest_route=\/wp\/v2\/posts\/23685\/revisions\/23688"}],"wp:featuredmedia":[{"embeddable":true,"href":"https:\/\/prvimaj.hr\/index.php?rest_route=\/wp\/v2\/media\/23686"}],"wp:attachment":[{"href":"https:\/\/prvimaj.hr\/index.php?rest_route=%2Fwp%2Fv2%2Fmedia&parent=23685"}],"wp:term":[{"taxonomy":"category","embeddable":true,"href":"https:\/\/prvimaj.hr\/index.php?rest_route=%2Fwp%2Fv2%2Fcategories&post=23685"},{"taxonomy":"post_tag","embeddable":true,"href":"https:\/\/prvimaj.hr\/index.php?rest_route=%2Fwp%2Fv2%2Ftags&post=23685"}],"curies":[{"name":"wp","href":"https:\/\/api.w.org\/{rel}","templated":true}]}}