{"id":23699,"date":"2025-05-06T05:55:41","date_gmt":"2025-05-06T04:55:41","guid":{"rendered":"https:\/\/prvimaj.hr\/?p=23699"},"modified":"2025-05-06T05:55:58","modified_gmt":"2025-05-06T04:55:58","slug":"nerina-genchel","status":"publish","type":"post","link":"https:\/\/prvimaj.hr\/?p=23699","title":{"rendered":"Nerina  Genchel"},"content":{"rendered":"<p>Tu\u017enim srcem javljamo rodbini, prijateljima i znancima da nas je u ponedjeljak 05.05.2025. godine u 91. godini \u017eivota napustila na\u0161a voljena<\/p>\n<h2 style=\"text-align: center\"><strong><em>NERINA&nbsp; &nbsp; &nbsp;GENCHEL<\/em><\/strong><\/h2>\n<h3 style=\"text-align: center\"><strong><em>( ro\u0111. Faraguna )<\/em><\/strong><\/h3>\n<p><!--more--><\/p>\n<p>Posljednji ispra\u0107aj na\u0161e voljene pokojnice biti \u0107e u srijedu 07.05.2025. godine u krugu obitelji iz Komemorativnog centra u Labinu na gradsko groblje.<\/p>\n<p><strong><em>Molimo za tihu su\u0107ut.<\/em><\/strong><\/p>\n<p><strong><em>O\u017ealo\u0161\u0107eni:&nbsp;<\/em><\/strong>sin LORIS s IRIS, unuk MORENO, brat NELO i sestre \u0110ILDA i LIDIA sa familijama, kunjade KLELJA, ALBINA, AN\u0110ELA i LJUBICA sa familijama, ne\u0107akinje i ne\u0107aci sa familijama, te ostala tuguju\u0107a rodbina.<\/p>\n","protected":false},"excerpt":{"rendered":"<p>Tu\u017enim srcem javljamo rodbini, prijateljima i znancima da nas je u ponedjeljak 05.05.2025. godine u 91. godini \u017eivota napustila na\u0161a voljena NERINA&nbsp; &nbsp; &nbsp;GENCHEL ( ro\u0111. Faraguna )<\/p>\n","protected":false},"author":3,"featured_media":23698,"comment_status":"closed","ping_status":"closed","sticky":false,"template":"","format":"standard","meta":[],"categories":[3],"tags":[],"_links":{"self":[{"href":"https:\/\/prvimaj.hr\/index.php?rest_route=\/wp\/v2\/posts\/23699"}],"collection":[{"href":"https:\/\/prvimaj.hr\/index.php?rest_route=\/wp\/v2\/posts"}],"about":[{"href":"https:\/\/prvimaj.hr\/index.php?rest_route=\/wp\/v2\/types\/post"}],"author":[{"embeddable":true,"href":"https:\/\/prvimaj.hr\/index.php?rest_route=\/wp\/v2\/users\/3"}],"replies":[{"embeddable":true,"href":"https:\/\/prvimaj.hr\/index.php?rest_route=%2Fwp%2Fv2%2Fcomments&post=23699"}],"version-history":[{"count":2,"href":"https:\/\/prvimaj.hr\/index.php?rest_route=\/wp\/v2\/posts\/23699\/revisions"}],"predecessor-version":[{"id":23701,"href":"https:\/\/prvimaj.hr\/index.php?rest_route=\/wp\/v2\/posts\/23699\/revisions\/23701"}],"wp:featuredmedia":[{"embeddable":true,"href":"https:\/\/prvimaj.hr\/index.php?rest_route=\/wp\/v2\/media\/23698"}],"wp:attachment":[{"href":"https:\/\/prvimaj.hr\/index.php?rest_route=%2Fwp%2Fv2%2Fmedia&parent=23699"}],"wp:term":[{"taxonomy":"category","embeddable":true,"href":"https:\/\/prvimaj.hr\/index.php?rest_route=%2Fwp%2Fv2%2Fcategories&post=23699"},{"taxonomy":"post_tag","embeddable":true,"href":"https:\/\/prvimaj.hr\/index.php?rest_route=%2Fwp%2Fv2%2Ftags&post=23699"}],"curies":[{"name":"wp","href":"https:\/\/api.w.org\/{rel}","templated":true}]}}