{"id":23713,"date":"2025-05-09T12:35:30","date_gmt":"2025-05-09T11:35:30","guid":{"rendered":"https:\/\/prvimaj.hr\/?p=23713"},"modified":"2025-05-09T12:35:38","modified_gmt":"2025-05-09T11:35:38","slug":"elido-paliska","status":"publish","type":"post","link":"https:\/\/prvimaj.hr\/?p=23713","title":{"rendered":"Eli\u0111o Paliska"},"content":{"rendered":"<p>Tu\u017enim srcem javljamo rodini, prijateljima i znancima da nas je u petak 09.05.2025. godine u 87- oj godini \u017eivota napustio na\u0161 voljeni<\/p>\n<h2 style=\"text-align: center\"><em><strong>ELI\u0110O&nbsp; &nbsp;PALISKA<\/strong><\/em><\/h2>\n<h3 style=\"text-align: center\"><em><strong>( iz Svetog Bartola )<\/strong><\/em><\/h3>\n<p><!--more-->Posljednji ispra\u0107aj na\u0161eg voljenog pokojnika biti \u0107e u subotu 10.05.2025. godine u krugu obitelji iz Komemorativnog centra u Sv. Martinu &#8211; Martinskom na mjesno groblje.<\/p>\n<p><em><strong>Molimo za tihu su\u0107ut.<\/strong><\/em><\/p>\n<p><em><strong>O\u017ealo\u0161\u0107eni:&nbsp;<\/strong><\/em>supruga LIDIJA, sin NEDELJKO, nevjesta SUZANA, unuci MARKO sa NATA\u0160OM i MAURO, praunuk DANTE, sestre ADRIJANA, DINA i MILENA, kunjado BRUNO, kunjade MARICA i MIRELA, ne\u0107aci i ne\u0107akinje, te ostala tuguju\u0107a rodbina.<\/p>\n","protected":false},"excerpt":{"rendered":"<p>Tu\u017enim srcem javljamo rodini, prijateljima i znancima da nas je u petak 09.05.2025. godine u 87- oj godini \u017eivota napustio na\u0161 voljeni ELI\u0110O&nbsp; &nbsp;PALISKA ( iz Svetog Bartola )<\/p>\n","protected":false},"author":3,"featured_media":23714,"comment_status":"closed","ping_status":"closed","sticky":false,"template":"","format":"standard","meta":[],"categories":[3],"tags":[],"_links":{"self":[{"href":"https:\/\/prvimaj.hr\/index.php?rest_route=\/wp\/v2\/posts\/23713"}],"collection":[{"href":"https:\/\/prvimaj.hr\/index.php?rest_route=\/wp\/v2\/posts"}],"about":[{"href":"https:\/\/prvimaj.hr\/index.php?rest_route=\/wp\/v2\/types\/post"}],"author":[{"embeddable":true,"href":"https:\/\/prvimaj.hr\/index.php?rest_route=\/wp\/v2\/users\/3"}],"replies":[{"embeddable":true,"href":"https:\/\/prvimaj.hr\/index.php?rest_route=%2Fwp%2Fv2%2Fcomments&post=23713"}],"version-history":[{"count":2,"href":"https:\/\/prvimaj.hr\/index.php?rest_route=\/wp\/v2\/posts\/23713\/revisions"}],"predecessor-version":[{"id":23716,"href":"https:\/\/prvimaj.hr\/index.php?rest_route=\/wp\/v2\/posts\/23713\/revisions\/23716"}],"wp:featuredmedia":[{"embeddable":true,"href":"https:\/\/prvimaj.hr\/index.php?rest_route=\/wp\/v2\/media\/23714"}],"wp:attachment":[{"href":"https:\/\/prvimaj.hr\/index.php?rest_route=%2Fwp%2Fv2%2Fmedia&parent=23713"}],"wp:term":[{"taxonomy":"category","embeddable":true,"href":"https:\/\/prvimaj.hr\/index.php?rest_route=%2Fwp%2Fv2%2Fcategories&post=23713"},{"taxonomy":"post_tag","embeddable":true,"href":"https:\/\/prvimaj.hr\/index.php?rest_route=%2Fwp%2Fv2%2Ftags&post=23713"}],"curies":[{"name":"wp","href":"https:\/\/api.w.org\/{rel}","templated":true}]}}