{"id":23721,"date":"2025-05-10T07:38:37","date_gmt":"2025-05-10T06:38:37","guid":{"rendered":"https:\/\/prvimaj.hr\/?p=23721"},"modified":"2025-05-10T07:38:44","modified_gmt":"2025-05-10T06:38:44","slug":"valter-nacinovic","status":"publish","type":"post","link":"https:\/\/prvimaj.hr\/?p=23721","title":{"rendered":"Valter Na\u010dinovi\u0107"},"content":{"rendered":"<p>S tugom u srcu javljamo rodbini, prijateljima i znancima tu\u017enu vijest da nas je dana 05.05.2025. godine. u 66. godini \u017eivota napustio na\u0161 voljeni<\/p>\n<h2 style=\"text-align: center\"><em><strong>VALTER&nbsp; &nbsp;NA\u010cINOVI\u0106<\/strong><\/em><\/h2>\n<p><!--more-->Urna na\u0161eg dragog Valtera polo\u017eena je na gradskom groblju Labin.<\/p>\n<p><em><strong>O\u017ealo\u0161\u0107eni:&nbsp;<\/strong><\/em>unuka NORA, k\u0107erka IVA sa obitelji, brat BRANKO sa obitelji, te ostala tuguju\u0107a rodbina.<\/p>\n","protected":false},"excerpt":{"rendered":"<p>S tugom u srcu javljamo rodbini, prijateljima i znancima tu\u017enu vijest da nas je dana 05.05.2025. godine. u 66. godini \u017eivota napustio na\u0161 voljeni VALTER&nbsp; &nbsp;NA\u010cINOVI\u0106<\/p>\n","protected":false},"author":3,"featured_media":23722,"comment_status":"closed","ping_status":"closed","sticky":false,"template":"","format":"standard","meta":[],"categories":[3],"tags":[],"_links":{"self":[{"href":"https:\/\/prvimaj.hr\/index.php?rest_route=\/wp\/v2\/posts\/23721"}],"collection":[{"href":"https:\/\/prvimaj.hr\/index.php?rest_route=\/wp\/v2\/posts"}],"about":[{"href":"https:\/\/prvimaj.hr\/index.php?rest_route=\/wp\/v2\/types\/post"}],"author":[{"embeddable":true,"href":"https:\/\/prvimaj.hr\/index.php?rest_route=\/wp\/v2\/users\/3"}],"replies":[{"embeddable":true,"href":"https:\/\/prvimaj.hr\/index.php?rest_route=%2Fwp%2Fv2%2Fcomments&post=23721"}],"version-history":[{"count":2,"href":"https:\/\/prvimaj.hr\/index.php?rest_route=\/wp\/v2\/posts\/23721\/revisions"}],"predecessor-version":[{"id":23724,"href":"https:\/\/prvimaj.hr\/index.php?rest_route=\/wp\/v2\/posts\/23721\/revisions\/23724"}],"wp:featuredmedia":[{"embeddable":true,"href":"https:\/\/prvimaj.hr\/index.php?rest_route=\/wp\/v2\/media\/23722"}],"wp:attachment":[{"href":"https:\/\/prvimaj.hr\/index.php?rest_route=%2Fwp%2Fv2%2Fmedia&parent=23721"}],"wp:term":[{"taxonomy":"category","embeddable":true,"href":"https:\/\/prvimaj.hr\/index.php?rest_route=%2Fwp%2Fv2%2Fcategories&post=23721"},{"taxonomy":"post_tag","embeddable":true,"href":"https:\/\/prvimaj.hr\/index.php?rest_route=%2Fwp%2Fv2%2Ftags&post=23721"}],"curies":[{"name":"wp","href":"https:\/\/api.w.org\/{rel}","templated":true}]}}