{"id":23734,"date":"2025-05-12T14:32:34","date_gmt":"2025-05-12T13:32:34","guid":{"rendered":"https:\/\/prvimaj.hr\/?p=23734"},"modified":"2025-05-12T14:32:48","modified_gmt":"2025-05-12T13:32:48","slug":"franciska-vibovic","status":"publish","type":"post","link":"https:\/\/prvimaj.hr\/?p=23734","title":{"rendered":"Franciska  Vibovi\u0107"},"content":{"rendered":"<p>S tugom u srcu javljamo rodbini, prijateljima i znancima da nas je u nedjelju 11.05.2025. godine u 88. godini \u017eivota napustila na\u0161a voljena<\/p>\n<h2 style=\"text-align: center\"><strong><em>FRANCISKA&nbsp; &nbsp; VIBOVI\u0106<\/em><\/strong><\/h2>\n<p><!--more--><\/p>\n<p>Posljednji ispra\u0107aj na\u0161e voljene pokojnice biti \u0107e u srijedu 14.05.2025. godine u 14,00 sati iz Komemorativnog centra u Labinu na gradsko groblje.<\/p>\n<p><em><strong>O\u017ealo\u0161\u0107eni:&nbsp;<\/strong><\/em>k\u0107erka MILENA, zet MENSUR, unuci ROSANA i DINO s ANTONELOM, praunuk PATRIK, sestre AN\u0110ELKA i SLAVICA sa familijama, prija ESMANA, NEVIJA i NEZVET sa familijama, te ostala tuguju\u0107a rodbina.<\/p>\n","protected":false},"excerpt":{"rendered":"<p>S tugom u srcu javljamo rodbini, prijateljima i znancima da nas je u nedjelju 11.05.2025. godine u 88. godini \u017eivota napustila na\u0161a voljena FRANCISKA&nbsp; &nbsp; VIBOVI\u0106<\/p>\n","protected":false},"author":3,"featured_media":23733,"comment_status":"closed","ping_status":"closed","sticky":false,"template":"","format":"standard","meta":[],"categories":[3],"tags":[],"_links":{"self":[{"href":"https:\/\/prvimaj.hr\/index.php?rest_route=\/wp\/v2\/posts\/23734"}],"collection":[{"href":"https:\/\/prvimaj.hr\/index.php?rest_route=\/wp\/v2\/posts"}],"about":[{"href":"https:\/\/prvimaj.hr\/index.php?rest_route=\/wp\/v2\/types\/post"}],"author":[{"embeddable":true,"href":"https:\/\/prvimaj.hr\/index.php?rest_route=\/wp\/v2\/users\/3"}],"replies":[{"embeddable":true,"href":"https:\/\/prvimaj.hr\/index.php?rest_route=%2Fwp%2Fv2%2Fcomments&post=23734"}],"version-history":[{"count":2,"href":"https:\/\/prvimaj.hr\/index.php?rest_route=\/wp\/v2\/posts\/23734\/revisions"}],"predecessor-version":[{"id":23736,"href":"https:\/\/prvimaj.hr\/index.php?rest_route=\/wp\/v2\/posts\/23734\/revisions\/23736"}],"wp:featuredmedia":[{"embeddable":true,"href":"https:\/\/prvimaj.hr\/index.php?rest_route=\/wp\/v2\/media\/23733"}],"wp:attachment":[{"href":"https:\/\/prvimaj.hr\/index.php?rest_route=%2Fwp%2Fv2%2Fmedia&parent=23734"}],"wp:term":[{"taxonomy":"category","embeddable":true,"href":"https:\/\/prvimaj.hr\/index.php?rest_route=%2Fwp%2Fv2%2Fcategories&post=23734"},{"taxonomy":"post_tag","embeddable":true,"href":"https:\/\/prvimaj.hr\/index.php?rest_route=%2Fwp%2Fv2%2Ftags&post=23734"}],"curies":[{"name":"wp","href":"https:\/\/api.w.org\/{rel}","templated":true}]}}