{"id":23744,"date":"2025-05-13T10:45:51","date_gmt":"2025-05-13T09:45:51","guid":{"rendered":"https:\/\/prvimaj.hr\/?p=23744"},"modified":"2025-05-13T10:45:58","modified_gmt":"2025-05-13T09:45:58","slug":"pasa-jagodic","status":"publish","type":"post","link":"https:\/\/prvimaj.hr\/?p=23744","title":{"rendered":"Pa\u0161a Jagodi\u0107"},"content":{"rendered":"<p>S tugom u srcu javljamo svoj rodbini, prijateljima i znancima \u017ealosnu vijest da je na\u0161a rahmetli<\/p>\n<h2 style=\"text-align: center\"><em><strong>HAD\u017dI&nbsp; &nbsp;PA\u0160A&nbsp; &nbsp;JAGODI\u0106<\/strong><\/em><\/h2>\n<h3 style=\"text-align: center\"><em><strong>( iz Labina )<\/strong><\/em><\/h3>\n<p><!--more-->preselila na ahiret u ponedjeljak 12.05.2025. u 84- oj godini \u017eivota. D\u017eenaza \u0107e krenuti u \u010detvrtak 15.05.2025. godine u 14,00 sati iz Komemorativnog centra u Labinu na gradsko groblje.<\/p>\n<p><em><strong>O\u017ealo\u0161\u0107eni:&nbsp;<\/strong><\/em>sin BENIJAMIN sa djecom BERIZ, MELIKA i EDIB, k\u0107er BEHIJA sa djecom BESIM s obitelji i BENIJAMIN, te ostala tuguju\u0107a rodbina i prijatelji.<\/p>\n","protected":false},"excerpt":{"rendered":"<p>S tugom u srcu javljamo svoj rodbini, prijateljima i znancima \u017ealosnu vijest da je na\u0161a rahmetli HAD\u017dI&nbsp; &nbsp;PA\u0160A&nbsp; &nbsp;JAGODI\u0106 ( iz Labina )<\/p>\n","protected":false},"author":3,"featured_media":23745,"comment_status":"closed","ping_status":"closed","sticky":false,"template":"","format":"standard","meta":[],"categories":[3],"tags":[],"_links":{"self":[{"href":"https:\/\/prvimaj.hr\/index.php?rest_route=\/wp\/v2\/posts\/23744"}],"collection":[{"href":"https:\/\/prvimaj.hr\/index.php?rest_route=\/wp\/v2\/posts"}],"about":[{"href":"https:\/\/prvimaj.hr\/index.php?rest_route=\/wp\/v2\/types\/post"}],"author":[{"embeddable":true,"href":"https:\/\/prvimaj.hr\/index.php?rest_route=\/wp\/v2\/users\/3"}],"replies":[{"embeddable":true,"href":"https:\/\/prvimaj.hr\/index.php?rest_route=%2Fwp%2Fv2%2Fcomments&post=23744"}],"version-history":[{"count":2,"href":"https:\/\/prvimaj.hr\/index.php?rest_route=\/wp\/v2\/posts\/23744\/revisions"}],"predecessor-version":[{"id":23747,"href":"https:\/\/prvimaj.hr\/index.php?rest_route=\/wp\/v2\/posts\/23744\/revisions\/23747"}],"wp:featuredmedia":[{"embeddable":true,"href":"https:\/\/prvimaj.hr\/index.php?rest_route=\/wp\/v2\/media\/23745"}],"wp:attachment":[{"href":"https:\/\/prvimaj.hr\/index.php?rest_route=%2Fwp%2Fv2%2Fmedia&parent=23744"}],"wp:term":[{"taxonomy":"category","embeddable":true,"href":"https:\/\/prvimaj.hr\/index.php?rest_route=%2Fwp%2Fv2%2Fcategories&post=23744"},{"taxonomy":"post_tag","embeddable":true,"href":"https:\/\/prvimaj.hr\/index.php?rest_route=%2Fwp%2Fv2%2Ftags&post=23744"}],"curies":[{"name":"wp","href":"https:\/\/api.w.org\/{rel}","templated":true}]}}