{"id":23751,"date":"2025-05-17T05:36:36","date_gmt":"2025-05-17T04:36:36","guid":{"rendered":"https:\/\/prvimaj.hr\/?p=23751"},"modified":"2025-05-17T05:36:52","modified_gmt":"2025-05-17T04:36:52","slug":"mirko-kalcik","status":"publish","type":"post","link":"https:\/\/prvimaj.hr\/?p=23751","title":{"rendered":"Mirko  Kal\u010dik"},"content":{"rendered":"<p>S tugom u srcu javljamo rodbini, prijateljima i znancima tu\u017enu vijest da nas je u \u010detvrtak 15.05.2025. godine u 71. godini \u017eivota napustio na\u0161 voljeni<\/p>\n<h2 style=\"text-align: center\"><strong><em>MIRKO&nbsp; &nbsp; KAL\u010cIK<\/em><\/strong><\/h2>\n<p><!--more--><\/p>\n<p>Posljednji ispra\u0107aj na\u0161eg voljenog pokojnika biti \u0107e u ponedjeljak 19.05.2025. godine u 14,00 sati iz Komemorativnog centra u Sv.Martinu &#8211; Martinskom na mjesno groblje.<\/p>\n<p><strong><em>Molimo za tihu su\u0107ut.<\/em><\/strong><\/p>\n<p><strong><em>O\u017ealo\u0161\u0107eni:&nbsp;<\/em><\/strong>supruga DINKA, sin MIROSLAV sa JAN MATHIJS, k\u0107erka MARINA sa JORDIJEM, sestra VERA sa familijom, te ostala tuguju\u0107a rodbina i prijatelji.<\/p>\n\n\n<p><\/p>\n","protected":false},"excerpt":{"rendered":"<p>S tugom u srcu javljamo rodbini, prijateljima i znancima tu\u017enu vijest da nas je u \u010detvrtak 15.05.2025. godine u 71. godini \u017eivota napustio na\u0161 voljeni MIRKO&nbsp; &nbsp; KAL\u010cIK<\/p>\n","protected":false},"author":3,"featured_media":23750,"comment_status":"closed","ping_status":"closed","sticky":false,"template":"","format":"standard","meta":[],"categories":[3],"tags":[],"_links":{"self":[{"href":"https:\/\/prvimaj.hr\/index.php?rest_route=\/wp\/v2\/posts\/23751"}],"collection":[{"href":"https:\/\/prvimaj.hr\/index.php?rest_route=\/wp\/v2\/posts"}],"about":[{"href":"https:\/\/prvimaj.hr\/index.php?rest_route=\/wp\/v2\/types\/post"}],"author":[{"embeddable":true,"href":"https:\/\/prvimaj.hr\/index.php?rest_route=\/wp\/v2\/users\/3"}],"replies":[{"embeddable":true,"href":"https:\/\/prvimaj.hr\/index.php?rest_route=%2Fwp%2Fv2%2Fcomments&post=23751"}],"version-history":[{"count":2,"href":"https:\/\/prvimaj.hr\/index.php?rest_route=\/wp\/v2\/posts\/23751\/revisions"}],"predecessor-version":[{"id":23753,"href":"https:\/\/prvimaj.hr\/index.php?rest_route=\/wp\/v2\/posts\/23751\/revisions\/23753"}],"wp:featuredmedia":[{"embeddable":true,"href":"https:\/\/prvimaj.hr\/index.php?rest_route=\/wp\/v2\/media\/23750"}],"wp:attachment":[{"href":"https:\/\/prvimaj.hr\/index.php?rest_route=%2Fwp%2Fv2%2Fmedia&parent=23751"}],"wp:term":[{"taxonomy":"category","embeddable":true,"href":"https:\/\/prvimaj.hr\/index.php?rest_route=%2Fwp%2Fv2%2Fcategories&post=23751"},{"taxonomy":"post_tag","embeddable":true,"href":"https:\/\/prvimaj.hr\/index.php?rest_route=%2Fwp%2Fv2%2Ftags&post=23751"}],"curies":[{"name":"wp","href":"https:\/\/api.w.org\/{rel}","templated":true}]}}