{"id":23764,"date":"2025-05-22T05:50:10","date_gmt":"2025-05-22T04:50:10","guid":{"rendered":"https:\/\/prvimaj.hr\/?p=23764"},"modified":"2025-05-22T05:50:25","modified_gmt":"2025-05-22T04:50:25","slug":"dzemal-ahmic","status":"publish","type":"post","link":"https:\/\/prvimaj.hr\/?p=23764","title":{"rendered":"D\u017eemal  Ahmi\u0107"},"content":{"rendered":"<p>S tugom u srcu javljamo svoj rodbini, prijateljima i znancima \u017ealosnu vijest da je na\u0161 rahmetli<\/p>\n<h2 style=\"text-align: center\"><em><strong>D\u017dEMAL&nbsp; &nbsp; &nbsp;AHMI\u0106<\/strong><\/em><\/h2>\n<h3 style=\"text-align: center\"><strong><em>( iz Plomin Luke )<\/em><\/strong><\/h3>\n<p><!--more--><\/p>\n<p>preselio na ahiret u utorak 20.05.2025. godine u 62. godini \u017eivota. D\u017eenaza \u0107e krenuti u petak 23.05.2025. godine u 14,30 sati iz Komemorativnog centra u Kr\u0161anu na mjesno groblje.<\/p>\n<p><em><strong>O\u017ealo\u0161\u0107eni:&nbsp;<\/strong><\/em>supruga INA, sinovi ARNEL, ARNEDIN i SEUDIN, nevjesta VALENTINA, unuk DIAN, brat HASAN, sestre HASIJA i D\u017dEHVA sa familijama, te ostala tuguju\u0107a rodbina.<\/p>\n","protected":false},"excerpt":{"rendered":"<p>S tugom u srcu javljamo svoj rodbini, prijateljima i znancima \u017ealosnu vijest da je na\u0161 rahmetli D\u017dEMAL&nbsp; &nbsp; &nbsp;AHMI\u0106 ( iz Plomin Luke )<\/p>\n","protected":false},"author":3,"featured_media":23763,"comment_status":"closed","ping_status":"closed","sticky":false,"template":"","format":"standard","meta":[],"categories":[3],"tags":[],"_links":{"self":[{"href":"https:\/\/prvimaj.hr\/index.php?rest_route=\/wp\/v2\/posts\/23764"}],"collection":[{"href":"https:\/\/prvimaj.hr\/index.php?rest_route=\/wp\/v2\/posts"}],"about":[{"href":"https:\/\/prvimaj.hr\/index.php?rest_route=\/wp\/v2\/types\/post"}],"author":[{"embeddable":true,"href":"https:\/\/prvimaj.hr\/index.php?rest_route=\/wp\/v2\/users\/3"}],"replies":[{"embeddable":true,"href":"https:\/\/prvimaj.hr\/index.php?rest_route=%2Fwp%2Fv2%2Fcomments&post=23764"}],"version-history":[{"count":2,"href":"https:\/\/prvimaj.hr\/index.php?rest_route=\/wp\/v2\/posts\/23764\/revisions"}],"predecessor-version":[{"id":23766,"href":"https:\/\/prvimaj.hr\/index.php?rest_route=\/wp\/v2\/posts\/23764\/revisions\/23766"}],"wp:featuredmedia":[{"embeddable":true,"href":"https:\/\/prvimaj.hr\/index.php?rest_route=\/wp\/v2\/media\/23763"}],"wp:attachment":[{"href":"https:\/\/prvimaj.hr\/index.php?rest_route=%2Fwp%2Fv2%2Fmedia&parent=23764"}],"wp:term":[{"taxonomy":"category","embeddable":true,"href":"https:\/\/prvimaj.hr\/index.php?rest_route=%2Fwp%2Fv2%2Fcategories&post=23764"},{"taxonomy":"post_tag","embeddable":true,"href":"https:\/\/prvimaj.hr\/index.php?rest_route=%2Fwp%2Fv2%2Ftags&post=23764"}],"curies":[{"name":"wp","href":"https:\/\/api.w.org\/{rel}","templated":true}]}}