{"id":23768,"date":"2025-05-22T14:51:01","date_gmt":"2025-05-22T13:51:01","guid":{"rendered":"https:\/\/prvimaj.hr\/?p=23768"},"modified":"2025-05-22T14:51:19","modified_gmt":"2025-05-22T13:51:19","slug":"anton-krsulja","status":"publish","type":"post","link":"https:\/\/prvimaj.hr\/?p=23768","title":{"rendered":"Anton  Kr\u0161ulja"},"content":{"rendered":"<p>S tugom u srcu javljamo rodbini, prijateljima i znancima da nas je u srijedu 21.05.2025. godine u 91. godini \u017eivota napustio na\u0161 voljeni<\/p>\n<h2 style=\"text-align: center\"><strong><em>ANTON &#8211; NINI&nbsp; &nbsp;KR\u0160ULJA<\/em><\/strong><\/h2>\n<h3 style=\"text-align: center\"><strong><em>( iz Rogo\u010dane )<\/em><\/strong><\/h3>\n<p><!--more--><\/p>\n<p>Posljednji ispra\u0107aj na\u0161eg voljenog pokojnika biti \u0107e u petak 23.05.2025. godine u 15,00 sati iz Komemorativnog centra u Labinu na gradsko groblje.<\/p>\n<p><strong><em>Molimo za tihu su\u0107ut.<\/em><\/strong><\/p>\n<p><strong><em>O\u017ealo\u0161\u0107eni:&nbsp;<\/em><\/strong>supruga EMA, k\u0107erka ARGENA, zet IGOR, nevjesta SNJE\u017dANA, unuci BARBARA, DALAN, ROBERT i DAVIID sa familijama, sestre ANA i MILKA sa familijama, kunjade ALBINA, BRUNA, \u0110INA, MIRELA i MIMA sa familijama, te ostala tuguju\u0107a rodbina.<\/p>\n\n\n<p><\/p>\n","protected":false},"excerpt":{"rendered":"<p>S tugom u srcu javljamo rodbini, prijateljima i znancima da nas je u srijedu 21.05.2025. godine u 91. godini \u017eivota napustio na\u0161 voljeni ANTON &#8211; NINI&nbsp; &nbsp;KR\u0160ULJA ( iz Rogo\u010dane )<\/p>\n","protected":false},"author":3,"featured_media":23767,"comment_status":"closed","ping_status":"closed","sticky":false,"template":"","format":"standard","meta":[],"categories":[3],"tags":[],"_links":{"self":[{"href":"https:\/\/prvimaj.hr\/index.php?rest_route=\/wp\/v2\/posts\/23768"}],"collection":[{"href":"https:\/\/prvimaj.hr\/index.php?rest_route=\/wp\/v2\/posts"}],"about":[{"href":"https:\/\/prvimaj.hr\/index.php?rest_route=\/wp\/v2\/types\/post"}],"author":[{"embeddable":true,"href":"https:\/\/prvimaj.hr\/index.php?rest_route=\/wp\/v2\/users\/3"}],"replies":[{"embeddable":true,"href":"https:\/\/prvimaj.hr\/index.php?rest_route=%2Fwp%2Fv2%2Fcomments&post=23768"}],"version-history":[{"count":2,"href":"https:\/\/prvimaj.hr\/index.php?rest_route=\/wp\/v2\/posts\/23768\/revisions"}],"predecessor-version":[{"id":23770,"href":"https:\/\/prvimaj.hr\/index.php?rest_route=\/wp\/v2\/posts\/23768\/revisions\/23770"}],"wp:featuredmedia":[{"embeddable":true,"href":"https:\/\/prvimaj.hr\/index.php?rest_route=\/wp\/v2\/media\/23767"}],"wp:attachment":[{"href":"https:\/\/prvimaj.hr\/index.php?rest_route=%2Fwp%2Fv2%2Fmedia&parent=23768"}],"wp:term":[{"taxonomy":"category","embeddable":true,"href":"https:\/\/prvimaj.hr\/index.php?rest_route=%2Fwp%2Fv2%2Fcategories&post=23768"},{"taxonomy":"post_tag","embeddable":true,"href":"https:\/\/prvimaj.hr\/index.php?rest_route=%2Fwp%2Fv2%2Ftags&post=23768"}],"curies":[{"name":"wp","href":"https:\/\/api.w.org\/{rel}","templated":true}]}}