{"id":23780,"date":"2025-05-23T18:30:47","date_gmt":"2025-05-23T17:30:47","guid":{"rendered":"https:\/\/prvimaj.hr\/?p=23780"},"modified":"2025-05-23T18:31:01","modified_gmt":"2025-05-23T17:31:01","slug":"zdenko-mamuzic","status":"publish","type":"post","link":"https:\/\/prvimaj.hr\/?p=23780","title":{"rendered":"Zdenko  Mamuzi\u0107"},"content":{"rendered":"<p>S tugom u srcu javljamo rodbini, prijateljima i znancima da nas je u \u010detvrtak 22.05.2025. godine u 74. godini \u017eivota napustio na\u0161 voljeni<\/p>\n<h2 style=\"text-align: center\"><strong><em>ZDENKO&nbsp; &nbsp; MAMUZI\u0106<\/em><\/strong><\/h2>\n<h3 style=\"text-align: center\"><strong><em>( Zdeno )<\/em><\/strong><\/h3>\n<p><!--more--><\/p>\n<p>Posljednji ispra\u0107aj na\u0161eg voljenog pokojnika bit \u0107e u ponedjeljak 26.05.2025. godine u 14,00 sati iz Komemorativnog centra u Sv.Lovre\u010du Labinskom &#8211; Dimini\u0107i na mjesno groblje.<\/p>\n<p><strong><em>O\u017ealo\u0161\u0107eni:&nbsp;<\/em><\/strong>sestra ZDENKA, brat VLADO, zet AMIR, ne\u0107aci ARLEN i NERMIN, snahe DIANA i AMILA, mnogobrojna rodbina i prijatelji.<\/p>\n","protected":false},"excerpt":{"rendered":"<p>S tugom u srcu javljamo rodbini, prijateljima i znancima da nas je u \u010detvrtak 22.05.2025. godine u 74. godini \u017eivota napustio na\u0161 voljeni ZDENKO&nbsp; &nbsp; MAMUZI\u0106 ( Zdeno )<\/p>\n","protected":false},"author":3,"featured_media":23779,"comment_status":"closed","ping_status":"closed","sticky":false,"template":"","format":"standard","meta":[],"categories":[3],"tags":[],"_links":{"self":[{"href":"https:\/\/prvimaj.hr\/index.php?rest_route=\/wp\/v2\/posts\/23780"}],"collection":[{"href":"https:\/\/prvimaj.hr\/index.php?rest_route=\/wp\/v2\/posts"}],"about":[{"href":"https:\/\/prvimaj.hr\/index.php?rest_route=\/wp\/v2\/types\/post"}],"author":[{"embeddable":true,"href":"https:\/\/prvimaj.hr\/index.php?rest_route=\/wp\/v2\/users\/3"}],"replies":[{"embeddable":true,"href":"https:\/\/prvimaj.hr\/index.php?rest_route=%2Fwp%2Fv2%2Fcomments&post=23780"}],"version-history":[{"count":2,"href":"https:\/\/prvimaj.hr\/index.php?rest_route=\/wp\/v2\/posts\/23780\/revisions"}],"predecessor-version":[{"id":23782,"href":"https:\/\/prvimaj.hr\/index.php?rest_route=\/wp\/v2\/posts\/23780\/revisions\/23782"}],"wp:featuredmedia":[{"embeddable":true,"href":"https:\/\/prvimaj.hr\/index.php?rest_route=\/wp\/v2\/media\/23779"}],"wp:attachment":[{"href":"https:\/\/prvimaj.hr\/index.php?rest_route=%2Fwp%2Fv2%2Fmedia&parent=23780"}],"wp:term":[{"taxonomy":"category","embeddable":true,"href":"https:\/\/prvimaj.hr\/index.php?rest_route=%2Fwp%2Fv2%2Fcategories&post=23780"},{"taxonomy":"post_tag","embeddable":true,"href":"https:\/\/prvimaj.hr\/index.php?rest_route=%2Fwp%2Fv2%2Ftags&post=23780"}],"curies":[{"name":"wp","href":"https:\/\/api.w.org\/{rel}","templated":true}]}}