{"id":23792,"date":"2025-05-26T06:29:49","date_gmt":"2025-05-26T05:29:49","guid":{"rendered":"https:\/\/prvimaj.hr\/?p=23792"},"modified":"2025-05-26T06:29:54","modified_gmt":"2025-05-26T05:29:54","slug":"luka-juric","status":"publish","type":"post","link":"https:\/\/prvimaj.hr\/?p=23792","title":{"rendered":"Luka Juri\u0107"},"content":{"rendered":"<p>S tugom u srcu javljamo rodbini, prijateljima i znancima da nas je u subotu 24.05.2025. godine u 38- oj godini \u017eivota napustio na\u0161 voljeni<\/p>\n<h2 style=\"text-align: center\"><em><strong>LUKA&nbsp; &nbsp;JURI\u0106<\/strong><\/em><\/h2>\n<h3 style=\"text-align: center\"><em><strong>( iz \u017dupani\u0107i )<\/strong><\/em><\/h3>\n<p><!--more-->Posljednji ispra\u0107aj na\u0161eg voljenog pokojnika biti \u0107e u utorak 27.05.2025. godine u krugu obitelji i prijatelja iz Komemorativnog centra u Sv. Martinu &#8211; Martinskom na mjesno groblje.<\/p>\n<p><em><strong>O\u017ealo\u0161\u0107eni:&nbsp;<\/strong><\/em>supruga TAMARA, k\u0107erka LEINA, tata DAMIR, mama BETI, brat NINO, kunjado VJEKO sa familijom, none MARGERITA i DORINA, nono JOSIP, te ostala tuguju\u0107a rodbina i prijatelji.<\/p>\n","protected":false},"excerpt":{"rendered":"<p>S tugom u srcu javljamo rodbini, prijateljima i znancima da nas je u subotu 24.05.2025. godine u 38- oj godini \u017eivota napustio na\u0161 voljeni LUKA&nbsp; &nbsp;JURI\u0106 ( iz \u017dupani\u0107i )<\/p>\n","protected":false},"author":3,"featured_media":23793,"comment_status":"closed","ping_status":"closed","sticky":false,"template":"","format":"standard","meta":[],"categories":[3],"tags":[],"_links":{"self":[{"href":"https:\/\/prvimaj.hr\/index.php?rest_route=\/wp\/v2\/posts\/23792"}],"collection":[{"href":"https:\/\/prvimaj.hr\/index.php?rest_route=\/wp\/v2\/posts"}],"about":[{"href":"https:\/\/prvimaj.hr\/index.php?rest_route=\/wp\/v2\/types\/post"}],"author":[{"embeddable":true,"href":"https:\/\/prvimaj.hr\/index.php?rest_route=\/wp\/v2\/users\/3"}],"replies":[{"embeddable":true,"href":"https:\/\/prvimaj.hr\/index.php?rest_route=%2Fwp%2Fv2%2Fcomments&post=23792"}],"version-history":[{"count":2,"href":"https:\/\/prvimaj.hr\/index.php?rest_route=\/wp\/v2\/posts\/23792\/revisions"}],"predecessor-version":[{"id":23795,"href":"https:\/\/prvimaj.hr\/index.php?rest_route=\/wp\/v2\/posts\/23792\/revisions\/23795"}],"wp:featuredmedia":[{"embeddable":true,"href":"https:\/\/prvimaj.hr\/index.php?rest_route=\/wp\/v2\/media\/23793"}],"wp:attachment":[{"href":"https:\/\/prvimaj.hr\/index.php?rest_route=%2Fwp%2Fv2%2Fmedia&parent=23792"}],"wp:term":[{"taxonomy":"category","embeddable":true,"href":"https:\/\/prvimaj.hr\/index.php?rest_route=%2Fwp%2Fv2%2Fcategories&post=23792"},{"taxonomy":"post_tag","embeddable":true,"href":"https:\/\/prvimaj.hr\/index.php?rest_route=%2Fwp%2Fv2%2Ftags&post=23792"}],"curies":[{"name":"wp","href":"https:\/\/api.w.org\/{rel}","templated":true}]}}