{"id":23815,"date":"2025-05-29T09:42:49","date_gmt":"2025-05-29T08:42:49","guid":{"rendered":"https:\/\/prvimaj.hr\/?p=23815"},"modified":"2025-05-29T09:43:09","modified_gmt":"2025-05-29T08:43:09","slug":"rahman-velagic","status":"publish","type":"post","link":"https:\/\/prvimaj.hr\/?p=23815","title":{"rendered":"Rahman  Velagi\u0107"},"content":{"rendered":"<p>S tugom u srcu javljamo svoj rodbini, prijateljima i znancima \u017ealosnu vijest da je na\u0161 rahmetli<\/p>\n<h2 style=\"text-align: center\"><strong><em>RAHMAN&nbsp; &nbsp; VELAGI\u0106<\/em><\/strong><\/h2>\n<h3 style=\"text-align: center\"><strong><em>( iz Potpi\u0107na )<\/em><\/strong><\/h3>\n<p><!--more--><\/p>\n<p>preselio na ahiret u ponedjeljak 26.05.2025. godine u 79. godini \u017eivota. D\u017eenaza \u0107e krenuti u subotu 31.05.2025. godine u 12,00 sati iz Komemorativnog centra u Labinu na gradsko groblje.<\/p>\n<p><strong><em>O\u017ealo\u0161\u0107eni:&nbsp;<\/em><\/strong>sin DAMIR, k\u0107erka ELVISA, nevjesta SANDRA, zet UDO, unuci IVANA, EMILI i DENI, praunuka TIJANA, bra\u0107a MUJAGA, \u0160EVALIJA i sestra TENZILA sa familijama, te ostala tuguju\u0107a rodbina.<\/p>\n","protected":false},"excerpt":{"rendered":"<p>S tugom u srcu javljamo svoj rodbini, prijateljima i znancima \u017ealosnu vijest da je na\u0161 rahmetli RAHMAN&nbsp; &nbsp; VELAGI\u0106 ( iz Potpi\u0107na )<\/p>\n","protected":false},"author":3,"featured_media":23814,"comment_status":"closed","ping_status":"closed","sticky":false,"template":"","format":"standard","meta":[],"categories":[3],"tags":[],"_links":{"self":[{"href":"https:\/\/prvimaj.hr\/index.php?rest_route=\/wp\/v2\/posts\/23815"}],"collection":[{"href":"https:\/\/prvimaj.hr\/index.php?rest_route=\/wp\/v2\/posts"}],"about":[{"href":"https:\/\/prvimaj.hr\/index.php?rest_route=\/wp\/v2\/types\/post"}],"author":[{"embeddable":true,"href":"https:\/\/prvimaj.hr\/index.php?rest_route=\/wp\/v2\/users\/3"}],"replies":[{"embeddable":true,"href":"https:\/\/prvimaj.hr\/index.php?rest_route=%2Fwp%2Fv2%2Fcomments&post=23815"}],"version-history":[{"count":2,"href":"https:\/\/prvimaj.hr\/index.php?rest_route=\/wp\/v2\/posts\/23815\/revisions"}],"predecessor-version":[{"id":23817,"href":"https:\/\/prvimaj.hr\/index.php?rest_route=\/wp\/v2\/posts\/23815\/revisions\/23817"}],"wp:featuredmedia":[{"embeddable":true,"href":"https:\/\/prvimaj.hr\/index.php?rest_route=\/wp\/v2\/media\/23814"}],"wp:attachment":[{"href":"https:\/\/prvimaj.hr\/index.php?rest_route=%2Fwp%2Fv2%2Fmedia&parent=23815"}],"wp:term":[{"taxonomy":"category","embeddable":true,"href":"https:\/\/prvimaj.hr\/index.php?rest_route=%2Fwp%2Fv2%2Fcategories&post=23815"},{"taxonomy":"post_tag","embeddable":true,"href":"https:\/\/prvimaj.hr\/index.php?rest_route=%2Fwp%2Fv2%2Ftags&post=23815"}],"curies":[{"name":"wp","href":"https:\/\/api.w.org\/{rel}","templated":true}]}}