{"id":23838,"date":"2025-06-02T08:58:06","date_gmt":"2025-06-02T07:58:06","guid":{"rendered":"https:\/\/prvimaj.hr\/?p=23838"},"modified":"2025-06-02T08:58:12","modified_gmt":"2025-06-02T07:58:12","slug":"fata-sabic","status":"publish","type":"post","link":"https:\/\/prvimaj.hr\/?p=23838","title":{"rendered":"Fata \u0160abi\u0107"},"content":{"rendered":"<p>S tugom u srcu javljamo svoj rodbini, prijateljima i znancima \u017ealosnu vijest da je na\u0161a rahmetli<\/p>\n<h2 style=\"text-align: center\"><em><strong>FATA&nbsp; &nbsp;\u0160ABI\u0106<\/strong><\/em><\/h2>\n<h3 style=\"text-align: center\"><em><strong>( ro\u0111. Piragi\u0107 )<\/strong><\/em><\/h3>\n<p><!--more-->preselila na ahiret u subotu 31.05.2025. godine u 70- oj godini \u017eivota. D\u017eenaza \u0107e krenuti u srijedu 04.06.2025. godine u 15,00 sati iz Komemorativnog centra u Labinu na gradsko groblje.<\/p>\n<p><em><strong>O\u017ealo\u0161\u0107eni:&nbsp;<\/strong><\/em>suprug IZUDIN, sinovi HAMID i HALID, snahe SANELA i ANDREJA, unu\u010dad SENADA i HAMMED, brat SALIH sa porodicom, zet HASAN sa porodicom, te ostala mnogobrojna rodbina, prijatelji, kom\u0161ije i poznanici.<\/p>\n","protected":false},"excerpt":{"rendered":"<p>S tugom u srcu javljamo svoj rodbini, prijateljima i znancima \u017ealosnu vijest da je na\u0161a rahmetli FATA&nbsp; &nbsp;\u0160ABI\u0106 ( ro\u0111. Piragi\u0107 )<\/p>\n","protected":false},"author":3,"featured_media":23839,"comment_status":"closed","ping_status":"closed","sticky":false,"template":"","format":"standard","meta":[],"categories":[3],"tags":[],"_links":{"self":[{"href":"https:\/\/prvimaj.hr\/index.php?rest_route=\/wp\/v2\/posts\/23838"}],"collection":[{"href":"https:\/\/prvimaj.hr\/index.php?rest_route=\/wp\/v2\/posts"}],"about":[{"href":"https:\/\/prvimaj.hr\/index.php?rest_route=\/wp\/v2\/types\/post"}],"author":[{"embeddable":true,"href":"https:\/\/prvimaj.hr\/index.php?rest_route=\/wp\/v2\/users\/3"}],"replies":[{"embeddable":true,"href":"https:\/\/prvimaj.hr\/index.php?rest_route=%2Fwp%2Fv2%2Fcomments&post=23838"}],"version-history":[{"count":2,"href":"https:\/\/prvimaj.hr\/index.php?rest_route=\/wp\/v2\/posts\/23838\/revisions"}],"predecessor-version":[{"id":23841,"href":"https:\/\/prvimaj.hr\/index.php?rest_route=\/wp\/v2\/posts\/23838\/revisions\/23841"}],"wp:featuredmedia":[{"embeddable":true,"href":"https:\/\/prvimaj.hr\/index.php?rest_route=\/wp\/v2\/media\/23839"}],"wp:attachment":[{"href":"https:\/\/prvimaj.hr\/index.php?rest_route=%2Fwp%2Fv2%2Fmedia&parent=23838"}],"wp:term":[{"taxonomy":"category","embeddable":true,"href":"https:\/\/prvimaj.hr\/index.php?rest_route=%2Fwp%2Fv2%2Fcategories&post=23838"},{"taxonomy":"post_tag","embeddable":true,"href":"https:\/\/prvimaj.hr\/index.php?rest_route=%2Fwp%2Fv2%2Ftags&post=23838"}],"curies":[{"name":"wp","href":"https:\/\/api.w.org\/{rel}","templated":true}]}}