{"id":23855,"date":"2025-06-07T11:11:33","date_gmt":"2025-06-07T10:11:33","guid":{"rendered":"https:\/\/prvimaj.hr\/?p=23855"},"modified":"2025-06-07T11:11:40","modified_gmt":"2025-06-07T10:11:40","slug":"leticija-sincic-coric","status":"publish","type":"post","link":"https:\/\/prvimaj.hr\/?p=23855","title":{"rendered":"Leticija Sin\u010di\u0107 \u0106ori\u0107"},"content":{"rendered":"<p>tu\u017enim srcem javljamo rodbini, prijateljima i znancima da nas je u \u010detvrtak 05.06.2025. godine u 49- oj godini \u017eivota napustila na\u0161a voljena<\/p>\n<h2 style=\"text-align: center\"><em><strong>LETICIJA&nbsp; &nbsp;SIN\u010cI\u0106&nbsp; \u0106ORI\u0106<\/strong><\/em><\/h2>\n<h3 style=\"text-align: center\"><em><strong>( iz Ra\u0161e )<\/strong><\/em><\/h3>\n<p><!--more-->Posljednji ispra\u0107aj po \u017eelji na\u0161e voljene pokojnice biti \u0107e u krugu obitelji, te molimo za razumijevanje.&nbsp;<em><strong>Sveta Misa zadu\u0161nica biti \u0107e u ponedjeljak 09.06.2025. u 18,00 sati u crkvi Svete Barbare u Ra\u0161i<\/strong><\/em><\/p>\n<p><em><strong>O\u017ealo\u0161\u0107eni:&nbsp;<\/strong><\/em>suprug KRISTIJAN i djeca BARTOL, KLARA i VIKTOR, majka LIDIJA, sestra KRISTINA s obitelji, te mnogobrojna tuguju\u0107a rodbina, prijatelji i poznanici.<\/p>\n","protected":false},"excerpt":{"rendered":"<p>tu\u017enim srcem javljamo rodbini, prijateljima i znancima da nas je u \u010detvrtak 05.06.2025. godine u 49- oj godini \u017eivota napustila na\u0161a voljena LETICIJA&nbsp; &nbsp;SIN\u010cI\u0106&nbsp; \u0106ORI\u0106 ( iz Ra\u0161e )<\/p>\n","protected":false},"author":3,"featured_media":23856,"comment_status":"closed","ping_status":"closed","sticky":false,"template":"","format":"standard","meta":[],"categories":[3],"tags":[],"_links":{"self":[{"href":"https:\/\/prvimaj.hr\/index.php?rest_route=\/wp\/v2\/posts\/23855"}],"collection":[{"href":"https:\/\/prvimaj.hr\/index.php?rest_route=\/wp\/v2\/posts"}],"about":[{"href":"https:\/\/prvimaj.hr\/index.php?rest_route=\/wp\/v2\/types\/post"}],"author":[{"embeddable":true,"href":"https:\/\/prvimaj.hr\/index.php?rest_route=\/wp\/v2\/users\/3"}],"replies":[{"embeddable":true,"href":"https:\/\/prvimaj.hr\/index.php?rest_route=%2Fwp%2Fv2%2Fcomments&post=23855"}],"version-history":[{"count":2,"href":"https:\/\/prvimaj.hr\/index.php?rest_route=\/wp\/v2\/posts\/23855\/revisions"}],"predecessor-version":[{"id":23858,"href":"https:\/\/prvimaj.hr\/index.php?rest_route=\/wp\/v2\/posts\/23855\/revisions\/23858"}],"wp:featuredmedia":[{"embeddable":true,"href":"https:\/\/prvimaj.hr\/index.php?rest_route=\/wp\/v2\/media\/23856"}],"wp:attachment":[{"href":"https:\/\/prvimaj.hr\/index.php?rest_route=%2Fwp%2Fv2%2Fmedia&parent=23855"}],"wp:term":[{"taxonomy":"category","embeddable":true,"href":"https:\/\/prvimaj.hr\/index.php?rest_route=%2Fwp%2Fv2%2Fcategories&post=23855"},{"taxonomy":"post_tag","embeddable":true,"href":"https:\/\/prvimaj.hr\/index.php?rest_route=%2Fwp%2Fv2%2Ftags&post=23855"}],"curies":[{"name":"wp","href":"https:\/\/api.w.org\/{rel}","templated":true}]}}