{"id":23863,"date":"2025-06-09T07:27:52","date_gmt":"2025-06-09T06:27:52","guid":{"rendered":"https:\/\/prvimaj.hr\/?p=23863"},"modified":"2025-06-09T07:28:00","modified_gmt":"2025-06-09T06:28:00","slug":"pierina-kirsic","status":"publish","type":"post","link":"https:\/\/prvimaj.hr\/?p=23863","title":{"rendered":"Pierina Kir\u0161i\u0107"},"content":{"rendered":"<p>Tu\u017enim srcem javljamo rodbini, prijateljima i znancima da nas je u subotu 07.06.2025. godine u 96- oj godini \u017eivota napustila na\u0161a voljena<\/p>\n<h2 style=\"text-align: center\"><em><strong>PIERINA&nbsp; &nbsp;KIR\u0160I\u0106<\/strong><\/em><\/h2>\n<h3 style=\"text-align: center\"><em><strong>( ro\u0111. Santaleza )<\/strong><\/em><\/h3>\n<p><!--more-->Posljednji ispra\u0107aj na\u0161e voljene pokojnice biti \u0107e u utorak 10.06.2025. godine u 14,00 sati iz Komemorativnog centra u Sv. Nedelji &#8211; Nede\u0107ini na mjesno groblje.<\/p>\n<p><em><strong>O\u017ealo\u0161\u0107eni:&nbsp;<\/strong><\/em>sinovi DINO i VALTER, nevjeste LIDIA i NIDIJA, unuci DANIEL, DALIBOR s VANESSOM, PETRA s MARINOM i SARA s PERICOM, praunuci MARA, LENA, MAK i JAN, te ostala tuguju\u0107a rodbina.<\/p>\n","protected":false},"excerpt":{"rendered":"<p>Tu\u017enim srcem javljamo rodbini, prijateljima i znancima da nas je u subotu 07.06.2025. godine u 96- oj godini \u017eivota napustila na\u0161a voljena PIERINA&nbsp; &nbsp;KIR\u0160I\u0106 ( ro\u0111. Santaleza )<\/p>\n","protected":false},"author":3,"featured_media":23864,"comment_status":"closed","ping_status":"closed","sticky":false,"template":"","format":"standard","meta":[],"categories":[3],"tags":[],"_links":{"self":[{"href":"https:\/\/prvimaj.hr\/index.php?rest_route=\/wp\/v2\/posts\/23863"}],"collection":[{"href":"https:\/\/prvimaj.hr\/index.php?rest_route=\/wp\/v2\/posts"}],"about":[{"href":"https:\/\/prvimaj.hr\/index.php?rest_route=\/wp\/v2\/types\/post"}],"author":[{"embeddable":true,"href":"https:\/\/prvimaj.hr\/index.php?rest_route=\/wp\/v2\/users\/3"}],"replies":[{"embeddable":true,"href":"https:\/\/prvimaj.hr\/index.php?rest_route=%2Fwp%2Fv2%2Fcomments&post=23863"}],"version-history":[{"count":2,"href":"https:\/\/prvimaj.hr\/index.php?rest_route=\/wp\/v2\/posts\/23863\/revisions"}],"predecessor-version":[{"id":23866,"href":"https:\/\/prvimaj.hr\/index.php?rest_route=\/wp\/v2\/posts\/23863\/revisions\/23866"}],"wp:featuredmedia":[{"embeddable":true,"href":"https:\/\/prvimaj.hr\/index.php?rest_route=\/wp\/v2\/media\/23864"}],"wp:attachment":[{"href":"https:\/\/prvimaj.hr\/index.php?rest_route=%2Fwp%2Fv2%2Fmedia&parent=23863"}],"wp:term":[{"taxonomy":"category","embeddable":true,"href":"https:\/\/prvimaj.hr\/index.php?rest_route=%2Fwp%2Fv2%2Fcategories&post=23863"},{"taxonomy":"post_tag","embeddable":true,"href":"https:\/\/prvimaj.hr\/index.php?rest_route=%2Fwp%2Fv2%2Ftags&post=23863"}],"curies":[{"name":"wp","href":"https:\/\/api.w.org\/{rel}","templated":true}]}}